{"id":4191,"date":"2025-10-19T21:15:40","date_gmt":"2025-10-20T01:15:40","guid":{"rendered":"https:\/\/periodicolarepublica.com\/?p=4191"},"modified":"2025-10-19T21:15:40","modified_gmt":"2025-10-20T01:15:40","slug":"honda-day-2025-celebra-la-pasion-automotriz","status":"publish","type":"post","link":"https:\/\/periodicolarepublica.com\/index.php\/2025\/10\/19\/honda-day-2025-celebra-la-pasion-automotriz\/","title":{"rendered":"Honda Day 2025 celebra la pasi\u00f3n automotriz"},"content":{"rendered":"<p>El Aut\u00f3dromo de las Am\u00e9ricas se convirti\u00f3 en el escenario de una gran celebraci\u00f3n del mundo motor de la Rep\u00fablica Dominicana, con la realizaci\u00f3n del Honda Day 2025, una actividad organizada por Agencia Bella \u2013 Honda Dominicana. Durante todo el d\u00eda, cientos de fan\u00e1ticos del automovilismo y familias completas disfrutaron de un d\u00eda lleno de adrenalina, exhibiciones y emoci\u00f3n.<\/p>\n<p>El Honda Day se ha consolidado como una de las tradiciones m\u00e1s esperadas dentro de la cultura automovil\u00edstica nacional. Los motores rugieron con fuerza durante competencias de dragueo y drifting, mientras el p\u00fablico se deleitaba con una impresionante muestra de autos y motocicletas Honda de \u00faltima generaci\u00f3n.<\/p>\n<ol>\n<li><img loading=\"lazy\" decoding=\"async\" class=\"alignnone wp-image-4192 size-medium\" src=\"https:\/\/periodicolarepublica.com\/wp-content\/uploads\/2025\/10\/1.-Foto-Principal.-Maribel-Bellapart-presidenta-de-Agencia-Bella-mientras-realiza-el-banderazo-de-la-carrera-del-Autodromo-e1760922827410-300x254.jpg\" alt=\"Autodromo\" width=\"300\" height=\"254\" srcset=\"https:\/\/periodicolarepublica.com\/wp-content\/uploads\/2025\/10\/1.-Foto-Principal.-Maribel-Bellapart-presidenta-de-Agencia-Bella-mientras-realiza-el-banderazo-de-la-carrera-del-Autodromo-e1760922827410-300x254.jpg 300w, https:\/\/periodicolarepublica.com\/wp-content\/uploads\/2025\/10\/1.-Foto-Principal.-Maribel-Bellapart-presidenta-de-Agencia-Bella-mientras-realiza-el-banderazo-de-la-carrera-del-Autodromo-e1760922827410-768x650.jpg 768w, https:\/\/periodicolarepublica.com\/wp-content\/uploads\/2025\/10\/1.-Foto-Principal.-Maribel-Bellapart-presidenta-de-Agencia-Bella-mientras-realiza-el-banderazo-de-la-carrera-del-Autodromo-e1760922827410-150x127.jpg 150w, https:\/\/periodicolarepublica.com\/wp-content\/uploads\/2025\/10\/1.-Foto-Principal.-Maribel-Bellapart-presidenta-de-Agencia-Bella-mientras-realiza-el-banderazo-de-la-carrera-del-Autodromo-e1760922827410-600x508.jpg 600w, https:\/\/periodicolarepublica.com\/wp-content\/uploads\/2025\/10\/1.-Foto-Principal.-Maribel-Bellapart-presidenta-de-Agencia-Bella-mientras-realiza-el-banderazo-de-la-carrera-del-Autodromo-e1760922827410-696x589.jpg 696w, https:\/\/periodicolarepublica.com\/wp-content\/uploads\/2025\/10\/1.-Foto-Principal.-Maribel-Bellapart-presidenta-de-Agencia-Bella-mientras-realiza-el-banderazo-de-la-carrera-del-Autodromo-e1760922827410.jpg 927w\" sizes=\"auto, (max-width: 300px) 100vw, 300px\" \/><\/li>\n<\/ol>\n","protected":false},"excerpt":{"rendered":"<p>El Aut\u00f3dromo de las Am\u00e9ricas se convirti\u00f3 en el escenario de una gran celebraci\u00f3n del mundo motor de la Rep\u00fablica Dominicana, con la realizaci\u00f3n del Honda Day 2025, una actividad organizada por Agencia Bella \u2013 Honda Dominicana. Durante todo el d\u00eda, cientos de fan\u00e1ticos del automovilismo y familias completas disfrutaron de un d\u00eda lleno de [&hellip;]<\/p>\n","protected":false},"author":6,"featured_media":4192,"comment_status":"open","ping_status":"open","sticky":false,"template":"","format":"standard","meta":{"om_disable_all_campaigns":false,"_monsterinsights_skip_tracking":false,"_monsterinsights_sitenote_active":false,"_monsterinsights_sitenote_note":"","_monsterinsights_sitenote_category":0,"footnotes":""},"categories":[21,1],"tags":[469],"class_list":{"0":"post-4191","1":"post","2":"type-post","3":"status-publish","4":"format-standard","5":"has-post-thumbnail","7":"category-deporte","8":"category-nacionales","9":"tag-autodromo"},"aioseo_notices":[],"_links":{"self":[{"href":"https:\/\/periodicolarepublica.com\/index.php\/wp-json\/wp\/v2\/posts\/4191","targetHints":{"allow":["GET"]}}],"collection":[{"href":"https:\/\/periodicolarepublica.com\/index.php\/wp-json\/wp\/v2\/posts"}],"about":[{"href":"https:\/\/periodicolarepublica.com\/index.php\/wp-json\/wp\/v2\/types\/post"}],"author":[{"embeddable":true,"href":"https:\/\/periodicolarepublica.com\/index.php\/wp-json\/wp\/v2\/users\/6"}],"replies":[{"embeddable":true,"href":"https:\/\/periodicolarepublica.com\/index.php\/wp-json\/wp\/v2\/comments?post=4191"}],"version-history":[{"count":1,"href":"https:\/\/periodicolarepublica.com\/index.php\/wp-json\/wp\/v2\/posts\/4191\/revisions"}],"predecessor-version":[{"id":4193,"href":"https:\/\/periodicolarepublica.com\/index.php\/wp-json\/wp\/v2\/posts\/4191\/revisions\/4193"}],"wp:featuredmedia":[{"embeddable":true,"href":"https:\/\/periodicolarepublica.com\/index.php\/wp-json\/wp\/v2\/media\/4192"}],"wp:attachment":[{"href":"https:\/\/periodicolarepublica.com\/index.php\/wp-json\/wp\/v2\/media?parent=4191"}],"wp:term":[{"taxonomy":"category","embeddable":true,"href":"https:\/\/periodicolarepublica.com\/index.php\/wp-json\/wp\/v2\/categories?post=4191"},{"taxonomy":"post_tag","embeddable":true,"href":"https:\/\/periodicolarepublica.com\/index.php\/wp-json\/wp\/v2\/tags?post=4191"}],"curies":[{"name":"wp","href":"https:\/\/api.w.org\/{rel}","templated":true}]}}