{"id":4203,"date":"2025-10-21T13:08:57","date_gmt":"2025-10-21T17:08:57","guid":{"rendered":"https:\/\/periodicolarepublica.com\/?p=4203"},"modified":"2025-10-21T13:08:57","modified_gmt":"2025-10-21T17:08:57","slug":"tomas-hernandez-alberto-llama-a-la-prudencia-ante-la-vaguada-y-respalda-las-acciones-del-presidente-luis-abinader","status":"publish","type":"post","link":"https:\/\/periodicolarepublica.com\/index.php\/2025\/10\/21\/tomas-hernandez-alberto-llama-a-la-prudencia-ante-la-vaguada-y-respalda-las-acciones-del-presidente-luis-abinader\/","title":{"rendered":"Tom\u00e1s Hern\u00e1ndez Alberto llama a la prudencia ante la vaguada y respalda las acciones del presidente Luis Abinader."},"content":{"rendered":"<p>Santo Domingo, R.D. \u2013 El dirigente pol\u00edtico y presidente del Movimiento Poder P\u2019AL Pueblo, Tom\u00e1s Hern\u00e1ndez Alberto, hizo un llamado a la poblaci\u00f3n en general a mantener la prudencia y la solidaridad ante los efectos de la vaguada que afecta gran parte del territorio nacional.<\/p>\n<p>&nbsp;<\/p>\n<p>Hern\u00e1ndez Alberto resalt\u00f3 la acci\u00f3n r\u00e1pida, firme y comprometida del presidente Luis Abinader, quien encabeza personalmente la Comisi\u00f3n de Emergencias para garantizar la protecci\u00f3n y el bienestar de las familias afectadas.<\/p>\n<p>&nbsp;<\/p>\n<p>\u201cEl presidente Luis Abinader ha estado al frente de las acciones, demostrando una vez m\u00e1s su compromiso con la vida y la seguridad del pueblo dominicano. En momentos dif\u00edciles como este, debemos actuar con responsabilidad, seguir las orientaciones de las autoridades y cuidar de los m\u00e1s vulnerables\u201d, expres\u00f3 Hern\u00e1ndez Alberto.<\/p>\n<p>&nbsp;<\/p>\n<p>Asimismo, exhort\u00f3 a los ciudadanos a mantener la calma, atender los boletines oficiales y colaborar con las medidas de prevenci\u00f3n dispuestas por el Gobierno y los organismos de socorro<\/p>\n<p>&nbsp;<\/p>\n<p>\u201cLa prudencia salva vidas. Sigamos unidos, con fe y esperanza, porque con la gu\u00eda y el liderazgo del presidente Abinader, la Rep\u00fablica Dominicana sabr\u00e1 superar esta adversidad\u201d, agreg\u00f3.<\/p>\n<p>&nbsp;<\/p>\n<p>Finalmente, Tom\u00e1s Hern\u00e1ndez Alberto reafirm\u00f3 su confianza en la capacidad de respuesta del Gobierno y en el esp\u00edritu solidario del pueblo dominicano, convencido de que la uni\u00f3n y la prevenci\u00f3n son las claves para salir adelante.<img loading=\"lazy\" decoding=\"async\" class=\"size-medium wp-image-3450 alignright\" src=\"https:\/\/periodicolarepublica.com\/wp-content\/uploads\/2025\/06\/IMG_20250623_182203-300x171.jpg\" alt=\"\" width=\"300\" height=\"171\" srcset=\"https:\/\/periodicolarepublica.com\/wp-content\/uploads\/2025\/06\/IMG_20250623_182203-300x171.jpg?v=1750717540 300w, https:\/\/periodicolarepublica.com\/wp-content\/uploads\/2025\/06\/IMG_20250623_182203-1024x583.jpg?v=1750717540 1024w, https:\/\/periodicolarepublica.com\/wp-content\/uploads\/2025\/06\/IMG_20250623_182203-768x437.jpg?v=1750717540 768w, https:\/\/periodicolarepublica.com\/wp-content\/uploads\/2025\/06\/IMG_20250623_182203-1536x874.jpg?v=1750717540 1536w, https:\/\/periodicolarepublica.com\/wp-content\/uploads\/2025\/06\/IMG_20250623_182203-2048x1166.jpg?v=1750717540 2048w, https:\/\/periodicolarepublica.com\/wp-content\/uploads\/2025\/06\/IMG_20250623_182203-150x85.jpg?v=1750717540 150w, https:\/\/periodicolarepublica.com\/wp-content\/uploads\/2025\/06\/IMG_20250623_182203-600x342.jpg?v=1750717540 600w, https:\/\/periodicolarepublica.com\/wp-content\/uploads\/2025\/06\/IMG_20250623_182203-696x396.jpg?v=1750717540 696w, https:\/\/periodicolarepublica.com\/wp-content\/uploads\/2025\/06\/IMG_20250623_182203-1392x792.jpg?v=1750717540 1392w, https:\/\/periodicolarepublica.com\/wp-content\/uploads\/2025\/06\/IMG_20250623_182203-1068x608.jpg?v=1750717540 1068w, https:\/\/periodicolarepublica.com\/wp-content\/uploads\/2025\/06\/IMG_20250623_182203-1920x1093.jpg?v=1750717540 1920w\" sizes=\"auto, (max-width: 300px) 100vw, 300px\" \/><\/p>\n","protected":false},"excerpt":{"rendered":"<p>Santo Domingo, R.D. \u2013 El dirigente pol\u00edtico y presidente del Movimiento Poder P\u2019AL Pueblo, Tom\u00e1s Hern\u00e1ndez Alberto, hizo un llamado a la poblaci\u00f3n en general a mantener la prudencia y la solidaridad ante los efectos de la vaguada que afecta gran parte del territorio nacional. &nbsp; Hern\u00e1ndez Alberto resalt\u00f3 la acci\u00f3n r\u00e1pida, firme y comprometida [&hellip;]<\/p>\n","protected":false},"author":10,"featured_media":3450,"comment_status":"open","ping_status":"open","sticky":false,"template":"","format":"standard","meta":{"om_disable_all_campaigns":false,"_monsterinsights_skip_tracking":false,"_monsterinsights_sitenote_active":false,"_monsterinsights_sitenote_note":"","_monsterinsights_sitenote_category":0,"footnotes":""},"categories":[1],"tags":[163],"class_list":{"0":"post-4203","1":"post","2":"type-post","3":"status-publish","4":"format-standard","5":"has-post-thumbnail","7":"category-nacionales","8":"tag-tomas-hernandez-alberto"},"aioseo_notices":[],"_links":{"self":[{"href":"https:\/\/periodicolarepublica.com\/index.php\/wp-json\/wp\/v2\/posts\/4203","targetHints":{"allow":["GET"]}}],"collection":[{"href":"https:\/\/periodicolarepublica.com\/index.php\/wp-json\/wp\/v2\/posts"}],"about":[{"href":"https:\/\/periodicolarepublica.com\/index.php\/wp-json\/wp\/v2\/types\/post"}],"author":[{"embeddable":true,"href":"https:\/\/periodicolarepublica.com\/index.php\/wp-json\/wp\/v2\/users\/10"}],"replies":[{"embeddable":true,"href":"https:\/\/periodicolarepublica.com\/index.php\/wp-json\/wp\/v2\/comments?post=4203"}],"version-history":[{"count":1,"href":"https:\/\/periodicolarepublica.com\/index.php\/wp-json\/wp\/v2\/posts\/4203\/revisions"}],"predecessor-version":[{"id":4204,"href":"https:\/\/periodicolarepublica.com\/index.php\/wp-json\/wp\/v2\/posts\/4203\/revisions\/4204"}],"wp:featuredmedia":[{"embeddable":true,"href":"https:\/\/periodicolarepublica.com\/index.php\/wp-json\/wp\/v2\/media\/3450"}],"wp:attachment":[{"href":"https:\/\/periodicolarepublica.com\/index.php\/wp-json\/wp\/v2\/media?parent=4203"}],"wp:term":[{"taxonomy":"category","embeddable":true,"href":"https:\/\/periodicolarepublica.com\/index.php\/wp-json\/wp\/v2\/categories?post=4203"},{"taxonomy":"post_tag","embeddable":true,"href":"https:\/\/periodicolarepublica.com\/index.php\/wp-json\/wp\/v2\/tags?post=4203"}],"curies":[{"name":"wp","href":"https:\/\/api.w.org\/{rel}","templated":true}]}}