{"id":4205,"date":"2025-10-21T15:46:06","date_gmt":"2025-10-21T19:46:06","guid":{"rendered":"https:\/\/periodicolarepublica.com\/?p=4205"},"modified":"2025-10-21T15:46:06","modified_gmt":"2025-10-21T19:46:06","slug":"empresario-artistico-amir-capriles-apuesta-por-la-internacionalizacion-de-los-artistas-urbanos-dominicanos","status":"publish","type":"post","link":"https:\/\/periodicolarepublica.com\/index.php\/2025\/10\/21\/empresario-artistico-amir-capriles-apuesta-por-la-internacionalizacion-de-los-artistas-urbanos-dominicanos\/","title":{"rendered":"Empresario art\u00edstico Amir Capriles apuesta por la internacionalizaci\u00f3n de los artistas urbanos dominicanos"},"content":{"rendered":"<p>Miami Beach, EE. UU. \u2013 Durante su participaci\u00f3n como invitado en el Latin Music Power Players 2025, celebrado en el marco de La Semana de la M\u00fasica Latina de Billboard 2025, el abogado y empresario art\u00edstico Amir Capriles, co\u2013CEO del sello discogr\u00e1fico Fire Music, reafirm\u00f3 su compromiso con el impulso y la internacionalizaci\u00f3n del movimiento urbano dominicano.<\/p>\n<p>&nbsp;<\/p>\n<p>Capriles destac\u00f3 el enorme potencial de la nueva generaci\u00f3n de artistas del pa\u00eds para conquistar escenarios internacionales y fortalecer la presencia de la Rep\u00fablica Dominicana en la industria musical global.<\/p>\n<p>&nbsp;<\/p>\n<p>\u201cPara m\u00ed fue un honor representar a mi pa\u00eds en un espacio donde se re\u00fanen los l\u00edderes m\u00e1s importantes de la m\u00fasica latina. Mi enfoque est\u00e1 en seguir creando puentes que permitan que el talento dominicano tenga presencia en la industria global\u201d, expres\u00f3 Capriles.<\/p>\n<p>&nbsp;<\/p>\n<p>Con m\u00e1s de dos d\u00e9cadas de trayectoria en el \u00e1mbito musical, Capriles ha sido una pieza clave en la proyecci\u00f3n de varios talentos emergentes del g\u00e9nero urbano, incluyendo a La Madrina.<\/p>\n<p>&nbsp;<\/p>\n<p>El empresario se\u00f1al\u00f3 que la industria musical dominicana atraviesa un momento decisivo, en el que la colaboraci\u00f3n internacional ser\u00e1 esencial para su crecimiento. Durante el exclusivo encuentro, que reuni\u00f3 a destacados ejecutivos, artistas, productores y figuras influyentes del entretenimiento latino, subray\u00f3 la importancia de fortalecer las alianzas estrat\u00e9gicas entre la Rep\u00fablica Dominicana y los principales mercados musicales de Estados Unidos y Am\u00e9rica Latina.<\/p>\n<p>&nbsp;<\/p>\n<p>*Sobre La Semana de la M\u00fasica Latina de Billboard 2025*<\/p>\n<p>&nbsp;<\/p>\n<p>La Semana de la M\u00fasica Latina de Billboard 2025 es considerada el encuentro m\u00e1s importante de la industria musical en espa\u00f1ol. Re\u00fane a ejecutivos, artistas, productores y expertos del sector para debatir tendencias, oportunidades y desaf\u00edos del mercado.<\/p>\n<p>&nbsp;<\/p>\n<p>El evento culminar\u00e1 el jueves con una gala de premiaci\u00f3n que contar\u00e1 con la participaci\u00f3n de destacadas figuras como Bad Bunny, Pablo Albor\u00e1n, Aitana, Laura Pausini, Daddy Yankee, Peso Pluma, Silvana Estrada, Anuel AA, Guaynaa, Car\u00edn Le\u00f3n, Kali Uchis, y los reconocidos productores Gloria y Emilio Estefan.<img loading=\"lazy\" decoding=\"async\" class=\"size-medium wp-image-4206 alignright\" src=\"https:\/\/periodicolarepublica.com\/wp-content\/uploads\/2025\/10\/IMG-20251021-WA0178-300x296.jpg\" alt=\"\" width=\"300\" height=\"296\" srcset=\"https:\/\/periodicolarepublica.com\/wp-content\/uploads\/2025\/10\/IMG-20251021-WA0178-300x296.jpg?v=1761075930 300w, https:\/\/periodicolarepublica.com\/wp-content\/uploads\/2025\/10\/IMG-20251021-WA0178-1024x1011.jpg?v=1761075930 1024w, https:\/\/periodicolarepublica.com\/wp-content\/uploads\/2025\/10\/IMG-20251021-WA0178-768x758.jpg?v=1761075930 768w, https:\/\/periodicolarepublica.com\/wp-content\/uploads\/2025\/10\/IMG-20251021-WA0178-150x148.jpg?v=1761075930 150w, https:\/\/periodicolarepublica.com\/wp-content\/uploads\/2025\/10\/IMG-20251021-WA0178-600x592.jpg?v=1761075930 600w, https:\/\/periodicolarepublica.com\/wp-content\/uploads\/2025\/10\/IMG-20251021-WA0178-696x687.jpg?v=1761075930 696w, https:\/\/periodicolarepublica.com\/wp-content\/uploads\/2025\/10\/IMG-20251021-WA0178-1068x1054.jpg?v=1761075930 1068w, https:\/\/periodicolarepublica.com\/wp-content\/uploads\/2025\/10\/IMG-20251021-WA0178.jpg?v=1761075930 1145w\" sizes=\"auto, (max-width: 300px) 100vw, 300px\" \/><\/p>\n","protected":false},"excerpt":{"rendered":"<p>Miami Beach, EE. UU. \u2013 Durante su participaci\u00f3n como invitado en el Latin Music Power Players 2025, celebrado en el marco de La Semana de la M\u00fasica Latina de Billboard 2025, el abogado y empresario art\u00edstico Amir Capriles, co\u2013CEO del sello discogr\u00e1fico Fire Music, reafirm\u00f3 su compromiso con el impulso y la internacionalizaci\u00f3n del movimiento [&hellip;]<\/p>\n","protected":false},"author":10,"featured_media":4206,"comment_status":"open","ping_status":"open","sticky":false,"template":"","format":"standard","meta":{"om_disable_all_campaigns":false,"_monsterinsights_skip_tracking":false,"_monsterinsights_sitenote_active":false,"_monsterinsights_sitenote_note":"","_monsterinsights_sitenote_category":0,"footnotes":""},"categories":[1],"tags":[],"class_list":{"0":"post-4205","1":"post","2":"type-post","3":"status-publish","4":"format-standard","5":"has-post-thumbnail","7":"category-nacionales"},"aioseo_notices":[],"_links":{"self":[{"href":"https:\/\/periodicolarepublica.com\/index.php\/wp-json\/wp\/v2\/posts\/4205","targetHints":{"allow":["GET"]}}],"collection":[{"href":"https:\/\/periodicolarepublica.com\/index.php\/wp-json\/wp\/v2\/posts"}],"about":[{"href":"https:\/\/periodicolarepublica.com\/index.php\/wp-json\/wp\/v2\/types\/post"}],"author":[{"embeddable":true,"href":"https:\/\/periodicolarepublica.com\/index.php\/wp-json\/wp\/v2\/users\/10"}],"replies":[{"embeddable":true,"href":"https:\/\/periodicolarepublica.com\/index.php\/wp-json\/wp\/v2\/comments?post=4205"}],"version-history":[{"count":1,"href":"https:\/\/periodicolarepublica.com\/index.php\/wp-json\/wp\/v2\/posts\/4205\/revisions"}],"predecessor-version":[{"id":4207,"href":"https:\/\/periodicolarepublica.com\/index.php\/wp-json\/wp\/v2\/posts\/4205\/revisions\/4207"}],"wp:featuredmedia":[{"embeddable":true,"href":"https:\/\/periodicolarepublica.com\/index.php\/wp-json\/wp\/v2\/media\/4206"}],"wp:attachment":[{"href":"https:\/\/periodicolarepublica.com\/index.php\/wp-json\/wp\/v2\/media?parent=4205"}],"wp:term":[{"taxonomy":"category","embeddable":true,"href":"https:\/\/periodicolarepublica.com\/index.php\/wp-json\/wp\/v2\/categories?post=4205"},{"taxonomy":"post_tag","embeddable":true,"href":"https:\/\/periodicolarepublica.com\/index.php\/wp-json\/wp\/v2\/tags?post=4205"}],"curies":[{"name":"wp","href":"https:\/\/api.w.org\/{rel}","templated":true}]}}