{"id":4208,"date":"2025-10-21T17:14:05","date_gmt":"2025-10-21T21:14:05","guid":{"rendered":"https:\/\/periodicolarepublica.com\/?p=4208"},"modified":"2025-10-21T17:14:05","modified_gmt":"2025-10-21T21:14:05","slug":"antoliano-peralta-romero-y-rafael-peralta-romero-pondran-a-circular-la-obra-reformas-a-la-constitucion-politica-dominicana-1994-2002-2010-2015-2024","status":"publish","type":"post","link":"https:\/\/periodicolarepublica.com\/index.php\/2025\/10\/21\/antoliano-peralta-romero-y-rafael-peralta-romero-pondran-a-circular-la-obra-reformas-a-la-constitucion-politica-dominicana-1994-2002-2010-2015-2024\/","title":{"rendered":"Antoliano Peralta Romero y Rafael Peralta Romero pondr\u00e1n a circular la obra \u201cReformas a la Constituci\u00f3n Pol\u00edtica Dominicana (1994-2002-2010-2015-2024)\u201d"},"content":{"rendered":"<p>La actividad tendr\u00e1 ocasi\u00f3n el lunes 27 de octubre de 2025 a las 7:00 p. m., en el auditorio principal del Banco Central de la Rep\u00fablica Dominicana.<\/p>\n<p>&nbsp;<\/p>\n<p>En el primer aniversario de la proclamaci\u00f3n de la reforma constitucional acaecida el 27 de octubre de 2024, se pondr\u00e1 a circular la obra \u201cReformas a la Constituci\u00f3n Pol\u00edtica Dominicana (1994-2002-2010-2015-2024)\u201d, que constituye una cr\u00f3nica de los procesos de reforma que han impactado nuestra Ley Fundamental en las \u00faltimas d\u00e9cadas.<\/p>\n<p>&nbsp;<\/p>\n<p>La obra, de la autor\u00eda de los hermanos Antoliano y Rafael Peralta Romero, es una segunda versi\u00f3n ampliada del trabajo que recogi\u00f3 el estudio de las primeras tres reformas (1994, 2002 y 2010) que fue publicado por los autores en 2014. Los autores han manifestado que en virtud de la preponderancia que tiene una reforma constitucional en la vida institucional de la naci\u00f3n, es oportuno entender las circunstancias pol\u00edticas que rodean y motivan cada proceso, lo que permite, de hecho, un mejor entendimiento del documento jur\u00eddico.<\/p>\n<p>&nbsp;<\/p>\n<p>Originalmente se hab\u00eda dispuesto que la actividad se celebrase en el auditorio Juan Bosch, de la Biblioteca Nacional Pedro Henr\u00edquez Ure\u00f1a, sin embargo, la actividad se desarrollar\u00e1 finalmente en el auditorio del Banco Central.<img loading=\"lazy\" decoding=\"async\" class=\"size-medium wp-image-4209 alignright\" src=\"https:\/\/periodicolarepublica.com\/wp-content\/uploads\/2025\/10\/IMG_20251021_171150-251x300.jpg\" alt=\"\" width=\"251\" height=\"300\" srcset=\"https:\/\/periodicolarepublica.com\/wp-content\/uploads\/2025\/10\/IMG_20251021_171150-251x300.jpg?v=1761081233 251w, https:\/\/periodicolarepublica.com\/wp-content\/uploads\/2025\/10\/IMG_20251021_171150-150x179.jpg?v=1761081233 150w, https:\/\/periodicolarepublica.com\/wp-content\/uploads\/2025\/10\/IMG_20251021_171150-300x359.jpg?v=1761081233 300w, https:\/\/periodicolarepublica.com\/wp-content\/uploads\/2025\/10\/IMG_20251021_171150.jpg?v=1761081233 352w\" sizes=\"auto, (max-width: 251px) 100vw, 251px\" \/><\/p>\n","protected":false},"excerpt":{"rendered":"<p>La actividad tendr\u00e1 ocasi\u00f3n el lunes 27 de octubre de 2025 a las 7:00 p. m., en el auditorio principal del Banco Central de la Rep\u00fablica Dominicana. &nbsp; En el primer aniversario de la proclamaci\u00f3n de la reforma constitucional acaecida el 27 de octubre de 2024, se pondr\u00e1 a circular la obra \u201cReformas a la [&hellip;]<\/p>\n","protected":false},"author":10,"featured_media":4209,"comment_status":"open","ping_status":"open","sticky":false,"template":"","format":"standard","meta":{"om_disable_all_campaigns":false,"_monsterinsights_skip_tracking":false,"_monsterinsights_sitenote_active":false,"_monsterinsights_sitenote_note":"","_monsterinsights_sitenote_category":0,"footnotes":""},"categories":[1],"tags":[],"class_list":{"0":"post-4208","1":"post","2":"type-post","3":"status-publish","4":"format-standard","5":"has-post-thumbnail","7":"category-nacionales"},"aioseo_notices":[],"_links":{"self":[{"href":"https:\/\/periodicolarepublica.com\/index.php\/wp-json\/wp\/v2\/posts\/4208","targetHints":{"allow":["GET"]}}],"collection":[{"href":"https:\/\/periodicolarepublica.com\/index.php\/wp-json\/wp\/v2\/posts"}],"about":[{"href":"https:\/\/periodicolarepublica.com\/index.php\/wp-json\/wp\/v2\/types\/post"}],"author":[{"embeddable":true,"href":"https:\/\/periodicolarepublica.com\/index.php\/wp-json\/wp\/v2\/users\/10"}],"replies":[{"embeddable":true,"href":"https:\/\/periodicolarepublica.com\/index.php\/wp-json\/wp\/v2\/comments?post=4208"}],"version-history":[{"count":1,"href":"https:\/\/periodicolarepublica.com\/index.php\/wp-json\/wp\/v2\/posts\/4208\/revisions"}],"predecessor-version":[{"id":4210,"href":"https:\/\/periodicolarepublica.com\/index.php\/wp-json\/wp\/v2\/posts\/4208\/revisions\/4210"}],"wp:featuredmedia":[{"embeddable":true,"href":"https:\/\/periodicolarepublica.com\/index.php\/wp-json\/wp\/v2\/media\/4209"}],"wp:attachment":[{"href":"https:\/\/periodicolarepublica.com\/index.php\/wp-json\/wp\/v2\/media?parent=4208"}],"wp:term":[{"taxonomy":"category","embeddable":true,"href":"https:\/\/periodicolarepublica.com\/index.php\/wp-json\/wp\/v2\/categories?post=4208"},{"taxonomy":"post_tag","embeddable":true,"href":"https:\/\/periodicolarepublica.com\/index.php\/wp-json\/wp\/v2\/tags?post=4208"}],"curies":[{"name":"wp","href":"https:\/\/api.w.org\/{rel}","templated":true}]}}