{"id":4211,"date":"2025-10-21T17:44:21","date_gmt":"2025-10-21T21:44:21","guid":{"rendered":"https:\/\/periodicolarepublica.com\/?p=4211"},"modified":"2025-10-21T17:44:57","modified_gmt":"2025-10-21T21:44:57","slug":"alina-marie-jaquez-quiles-elegancia-disciplina-y-pasion-sobre-la-pasarela","status":"publish","type":"post","link":"https:\/\/periodicolarepublica.com\/index.php\/2025\/10\/21\/alina-marie-jaquez-quiles-elegancia-disciplina-y-pasion-sobre-la-pasarela\/","title":{"rendered":"Alina Marie Jaquez Quiles: Elegancia, disciplina y pasi\u00f3n sobre la pasarela"},"content":{"rendered":"<p>Santo Domingo,\u2013 Alina Marie Jaquez Quiles, destacada modelo de pasarela de la Academia Premium Class, contin\u00faa consolidando su formaci\u00f3n profesional en proyecci\u00f3n esc\u00e9nica, postura, expresi\u00f3n corporal y t\u00e9cnicas de desfile. Con una combinaci\u00f3n \u00fanica de disciplina, elegancia y pasi\u00f3n, Alina representa el arte de la moda con confianza y estilo propio.<\/p>\n<p>&nbsp;<\/p>\n<p>A trav\u00e9s de su participaci\u00f3n en desfiles y entrenamientos, busca reflejar la visi\u00f3n de cada dise\u00f1ador con autenticidad y actitud sobre la pasarela, destac\u00e1ndose por su compromiso y profesionalismo en cada proyecto.<\/p>\n<p>&nbsp;<\/p>\n<p>Alina aspira a crecer dentro de la industria del modelaje, participando en fashion shows nacionales e internacionales y colaborando con marcas reconocidas. Su meta es convertirse en una modelo de pasarela destacada, capaz de inspirar a otros con su esfuerzo, determinaci\u00f3n y presencia esc\u00e9nica.<\/p>\n<p>&nbsp;<\/p>\n<p>A largo plazo, Alina Marie Jaquez Quiles desea representar a Premium Class y a la Rep\u00fablica Dominicana en escenarios internacionales, consolidando una carrera basada en el talento, la disciplina y la pasi\u00f3n por la moda.<img loading=\"lazy\" decoding=\"async\" class=\"size-medium wp-image-4212 alignright\" src=\"https:\/\/periodicolarepublica.com\/wp-content\/uploads\/2025\/10\/IMG_20251021_172731-231x300.jpg\" alt=\"\" width=\"231\" height=\"300\" srcset=\"https:\/\/periodicolarepublica.com\/wp-content\/uploads\/2025\/10\/IMG_20251021_172731-231x300.jpg?v=1761083040 231w, https:\/\/periodicolarepublica.com\/wp-content\/uploads\/2025\/10\/IMG_20251021_172731-789x1024.jpg?v=1761083040 789w, https:\/\/periodicolarepublica.com\/wp-content\/uploads\/2025\/10\/IMG_20251021_172731-768x997.jpg?v=1761083040 768w, https:\/\/periodicolarepublica.com\/wp-content\/uploads\/2025\/10\/IMG_20251021_172731-150x195.jpg?v=1761083040 150w, https:\/\/periodicolarepublica.com\/wp-content\/uploads\/2025\/10\/IMG_20251021_172731-300x389.jpg?v=1761083040 300w, https:\/\/periodicolarepublica.com\/wp-content\/uploads\/2025\/10\/IMG_20251021_172731-600x779.jpg?v=1761083040 600w, https:\/\/periodicolarepublica.com\/wp-content\/uploads\/2025\/10\/IMG_20251021_172731-696x903.jpg?v=1761083040 696w, https:\/\/periodicolarepublica.com\/wp-content\/uploads\/2025\/10\/IMG_20251021_172731.jpg?v=1761083040 832w\" sizes=\"auto, (max-width: 231px) 100vw, 231px\" \/><\/p>\n","protected":false},"excerpt":{"rendered":"<p>Santo Domingo,\u2013 Alina Marie Jaquez Quiles, destacada modelo de pasarela de la Academia Premium Class, contin\u00faa consolidando su formaci\u00f3n profesional en proyecci\u00f3n esc\u00e9nica, postura, expresi\u00f3n corporal y t\u00e9cnicas de desfile. Con una combinaci\u00f3n \u00fanica de disciplina, elegancia y pasi\u00f3n, Alina representa el arte de la moda con confianza y estilo propio. &nbsp; A trav\u00e9s de [&hellip;]<\/p>\n","protected":false},"author":10,"featured_media":4212,"comment_status":"open","ping_status":"open","sticky":false,"template":"","format":"standard","meta":{"om_disable_all_campaigns":false,"_monsterinsights_skip_tracking":false,"_monsterinsights_sitenote_active":false,"_monsterinsights_sitenote_note":"","_monsterinsights_sitenote_category":0,"footnotes":""},"categories":[1],"tags":[],"class_list":{"0":"post-4211","1":"post","2":"type-post","3":"status-publish","4":"format-standard","5":"has-post-thumbnail","7":"category-nacionales"},"aioseo_notices":[],"_links":{"self":[{"href":"https:\/\/periodicolarepublica.com\/index.php\/wp-json\/wp\/v2\/posts\/4211","targetHints":{"allow":["GET"]}}],"collection":[{"href":"https:\/\/periodicolarepublica.com\/index.php\/wp-json\/wp\/v2\/posts"}],"about":[{"href":"https:\/\/periodicolarepublica.com\/index.php\/wp-json\/wp\/v2\/types\/post"}],"author":[{"embeddable":true,"href":"https:\/\/periodicolarepublica.com\/index.php\/wp-json\/wp\/v2\/users\/10"}],"replies":[{"embeddable":true,"href":"https:\/\/periodicolarepublica.com\/index.php\/wp-json\/wp\/v2\/comments?post=4211"}],"version-history":[{"count":1,"href":"https:\/\/periodicolarepublica.com\/index.php\/wp-json\/wp\/v2\/posts\/4211\/revisions"}],"predecessor-version":[{"id":4213,"href":"https:\/\/periodicolarepublica.com\/index.php\/wp-json\/wp\/v2\/posts\/4211\/revisions\/4213"}],"wp:featuredmedia":[{"embeddable":true,"href":"https:\/\/periodicolarepublica.com\/index.php\/wp-json\/wp\/v2\/media\/4212"}],"wp:attachment":[{"href":"https:\/\/periodicolarepublica.com\/index.php\/wp-json\/wp\/v2\/media?parent=4211"}],"wp:term":[{"taxonomy":"category","embeddable":true,"href":"https:\/\/periodicolarepublica.com\/index.php\/wp-json\/wp\/v2\/categories?post=4211"},{"taxonomy":"post_tag","embeddable":true,"href":"https:\/\/periodicolarepublica.com\/index.php\/wp-json\/wp\/v2\/tags?post=4211"}],"curies":[{"name":"wp","href":"https:\/\/api.w.org\/{rel}","templated":true}]}}