{"id":4214,"date":"2025-10-21T17:55:45","date_gmt":"2025-10-21T21:55:45","guid":{"rendered":"https:\/\/periodicolarepublica.com\/?p=4214"},"modified":"2025-10-21T17:55:45","modified_gmt":"2025-10-21T21:55:45","slug":"premios-la-cimacolombia-lanza-la-primera-premiacion-transparente-gratuita-y-con-proposito-real-en-la-industria-del-entretenimiento-latinoamericano","status":"publish","type":"post","link":"https:\/\/periodicolarepublica.com\/index.php\/2025\/10\/21\/premios-la-cimacolombia-lanza-la-primera-premiacion-transparente-gratuita-y-con-proposito-real-en-la-industria-del-entretenimiento-latinoamericano\/","title":{"rendered":"Premios La Cima:Colombia lanza la primera premiaci\u00f3n transparente, gratuita y con prop\u00f3sito real en la industria del entretenimiento latinoamericano"},"content":{"rendered":"<p>En un momento clave para<\/p>\n<p>el crecimiento del talento latinoamericano, Colombia se convierte en epicentro de una revoluci\u00f3n cultural con el nacimiento de Premios La Cima, la \u00fanica premiaci\u00f3n por m\u00e9rito real<\/p>\n<p>en la industria del entretenimiento que no cobra por shows, reconocimientos, postulaciones ni premios. Con una din\u00e1mica \u00fanica, honesta y disruptiva, esta iniciativa se posiciona como una verdadera vitrina gratuita para artistas, marcas y figuras emergentes, dejando atr\u00e1s el modelo elitista y excluyente que ha marcado muchos escenarios tradicionales.<\/p>\n<p>&nbsp;<\/p>\n<p>Con el respaldo de un equipo de expertos en el sector, Premios La Cima llega con una propuesta profundamente humana: sumar y no restar y mucho menos competir con ninguna premiacion.Su enfoque es claro: visibilizar, celebrar e impulsar a quienes han dejado huella<\/p>\n<p>o est\u00e1n en camino de hacerlo\u2013 en la m\u00fasica, el cine, la televisi\u00f3n y el ecosistema digital, sin importar su origen o trayectoria econ\u00f3mica.<\/p>\n<p>Una premiaci\u00f3n con alma,<\/p>\n<p>sin barreras ni favoritismos<\/p>\n<p>En una industria que ha sido cuestionada por pr\u00e1cticas opacas<\/p>\n<p>y estructuras cerradas,<\/p>\n<p>La Cima se presenta como un evento transparente, inclusivo y profundamente \u00e9tico. No hay tarifas escondidas, ni intereses comerciales disfrazados de m\u00e9ritos. Aqu\u00ed, lo que se premia es el talento,<\/p>\n<p>la autenticidad, el esfuerzo y la conexi\u00f3n real con el p\u00fablico.<\/p>\n<p>&nbsp;<\/p>\n<p>El evento no solo reconocer\u00e1 a artistas consolidados, sino que abrir\u00e1 espacio a nuevos talentos a trav\u00e9s de convocatorias abiertas<\/p>\n<p>en todo el pa\u00eds, que ya han comenzado a buscar voces y rostros frescos en las calles de Colombia. Un verdadero semillero de sue\u00f1os transformados en oportunidades tangibles.<\/p>\n<p>&nbsp;<\/p>\n<p>Farid Duque: El visionario y mente maestra,detr\u00e1s de premios la Cima<\/p>\n<p>Detr\u00e1s de esta iniciativa est\u00e1 el reconocido empresario y productor Farid Duque quien suma m\u00e1s de 20 a\u00f1os de experiencia<\/p>\n<p>en la industria del entretenimiento. Asesor de celebridades, creador de eventos, y productor de cine,<\/p>\n<p>Farid Duque , ha trabajado con figuras internacionales de Hollywood<\/p>\n<p>como Danny Trejo y Mark Ruffalo,<\/p>\n<p>y ha sido asesor y gu\u00eda estrat\u00e9gica<\/p>\n<p>para reconocidos artistas del g\u00e9nero urbano ,artistas emergentes,y proyectos importantes.<\/p>\n<p>&nbsp;<\/p>\n<p>Con un legado construido entre sets de cine, escenarios ,eventos<\/p>\n<p>, y despachos de producci\u00f3n,<\/p>\n<p>Farid Duque se ha consolidado<\/p>\n<p>como un referente en la industria latinoamericana del entretenimiento,<\/p>\n<p>y un empresario que entiende tanto el negocio como el arte de conectar con las audiencias. Su liderazgo al frente de Premios La Cima ,asegura que este evento no sea solo una premiaci\u00f3n, sino una plataforma de cambio real.<\/p>\n<p>La Cima nace desde la necesidad de darle voz a quienes no la tienen,<\/p>\n<p>de democratizar el acceso<\/p>\n<p>a la exposici\u00f3n art\u00edstica.<\/p>\n<p>Muchos artistas j\u00f3venes en Colombia tienen que pagar para subirse a una tarima. Nosotros queremos cambiar eso\u201d, afirma Farid Duque con convicci\u00f3n.<\/p>\n<p>&nbsp;<\/p>\n<p>Un show sin precedentes:<\/p>\n<p>Experiencias, regalos y contenido<\/p>\n<p>con sentido<\/p>\n<p>&nbsp;<\/p>\n<p>Lejos de replicar f\u00f3rmulas ya vistas, Premios La Cima apuesta por un formato original e integral. Cada nominaci\u00f3n ser\u00e1 una experiencia compartida entre el artista, su familia y equipo, celebrando no solo logros individuales, sino historias de lucha, pasi\u00f3n y superaci\u00f3n.<\/p>\n<p>&nbsp;<\/p>\n<p>Adem\u00e1s, ser\u00e1 un verdadero espect\u00e1culo: un show de entretenimiento aut\u00e9ntico, con producciones de alto nivel, contenido emocional y sorpresas exclusivas para el p\u00fablico, incluyendo entregas de regalos y experiencias en vivo.<\/p>\n<p>&nbsp;<\/p>\n<p>Un movimiento que construye,<\/p>\n<p>no compite<\/p>\n<p>&nbsp;<\/p>\n<p>El comit\u00e9 organizador, integrado<\/p>\n<p>por expertos como Ricardo Villarreal, Mar\u00eda Paula Moreno, Yoryi Le\u00f3n, Joiner R\u00edos, William Meza,<\/p>\n<p>Sahille Duque ,entre otros,<\/p>\n<p>ha sido claro en su misi\u00f3n:<\/p>\n<p>crear un evento que construya comunidad, potencie trayectorias y defienda la equidad art\u00edstica.<\/p>\n<p>&nbsp;<\/p>\n<p>Lo que viene: Bogot\u00e1 2025 y<\/p>\n<p>mucho m\u00e1s<\/p>\n<p>&nbsp;<\/p>\n<p>La primera edici\u00f3n de Premios<\/p>\n<p>La Cima se llevar\u00e1 a cabo en Bogot\u00e1 en 2025. Aunque la fecha oficial<\/p>\n<p>ser\u00e1 anunciada pr\u00f3ximamente,<\/p>\n<p>la expectativa ya crece en redes sociales y medios, impulsada por el entusiasmo genuino de artistas, creadores y seguidores del talento aut\u00e9ntico.<\/p>\n<p>&nbsp;<\/p>\n<p>En paralelo, se lanzar\u00e1 un formato exclusivo de entrevistas a partir de septiembre, donde se compartir\u00e1n las historias de los nominados y sus procesos creativos, fortaleciendo el v\u00ednculo entre los artistas y su audiencia.<\/p>\n<p>&nbsp;<\/p>\n<p>Una cima posible para todos<\/p>\n<p>&nbsp;<\/p>\n<p>Premios La Cima no es solo un reconocimiento: es una declaraci\u00f3n. Es la prueba de que el arte puede celebrarse sin barreras, de que el talento merece visibilidad sin pagar peajes, y de que llegar a la cima s\u00ed es posible, con dignidad, prop\u00f3sito y verdad.<img loading=\"lazy\" decoding=\"async\" class=\"size-medium wp-image-4215 alignright\" src=\"https:\/\/periodicolarepublica.com\/wp-content\/uploads\/2025\/10\/IMG-20251021-WA0221-300x188.jpg\" alt=\"\" width=\"300\" height=\"188\" srcset=\"https:\/\/periodicolarepublica.com\/wp-content\/uploads\/2025\/10\/IMG-20251021-WA0221-300x188.jpg?v=1761083734 300w, https:\/\/periodicolarepublica.com\/wp-content\/uploads\/2025\/10\/IMG-20251021-WA0221-150x94.jpg?v=1761083734 150w, https:\/\/periodicolarepublica.com\/wp-content\/uploads\/2025\/10\/IMG-20251021-WA0221.jpg?v=1761083734 320w\" sizes=\"auto, (max-width: 300px) 100vw, 300px\" \/><\/p>\n","protected":false},"excerpt":{"rendered":"<p>En un momento clave para el crecimiento del talento latinoamericano, Colombia se convierte en epicentro de una revoluci\u00f3n cultural con el nacimiento de Premios La Cima, la \u00fanica premiaci\u00f3n por m\u00e9rito real en la industria del entretenimiento que no cobra por shows, reconocimientos, postulaciones ni premios. Con una din\u00e1mica \u00fanica, honesta y disruptiva, esta iniciativa [&hellip;]<\/p>\n","protected":false},"author":10,"featured_media":4215,"comment_status":"open","ping_status":"open","sticky":false,"template":"","format":"standard","meta":{"om_disable_all_campaigns":false,"_monsterinsights_skip_tracking":false,"_monsterinsights_sitenote_active":false,"_monsterinsights_sitenote_note":"","_monsterinsights_sitenote_category":0,"footnotes":""},"categories":[1],"tags":[],"class_list":{"0":"post-4214","1":"post","2":"type-post","3":"status-publish","4":"format-standard","5":"has-post-thumbnail","7":"category-nacionales"},"aioseo_notices":[],"_links":{"self":[{"href":"https:\/\/periodicolarepublica.com\/index.php\/wp-json\/wp\/v2\/posts\/4214","targetHints":{"allow":["GET"]}}],"collection":[{"href":"https:\/\/periodicolarepublica.com\/index.php\/wp-json\/wp\/v2\/posts"}],"about":[{"href":"https:\/\/periodicolarepublica.com\/index.php\/wp-json\/wp\/v2\/types\/post"}],"author":[{"embeddable":true,"href":"https:\/\/periodicolarepublica.com\/index.php\/wp-json\/wp\/v2\/users\/10"}],"replies":[{"embeddable":true,"href":"https:\/\/periodicolarepublica.com\/index.php\/wp-json\/wp\/v2\/comments?post=4214"}],"version-history":[{"count":1,"href":"https:\/\/periodicolarepublica.com\/index.php\/wp-json\/wp\/v2\/posts\/4214\/revisions"}],"predecessor-version":[{"id":4216,"href":"https:\/\/periodicolarepublica.com\/index.php\/wp-json\/wp\/v2\/posts\/4214\/revisions\/4216"}],"wp:featuredmedia":[{"embeddable":true,"href":"https:\/\/periodicolarepublica.com\/index.php\/wp-json\/wp\/v2\/media\/4215"}],"wp:attachment":[{"href":"https:\/\/periodicolarepublica.com\/index.php\/wp-json\/wp\/v2\/media?parent=4214"}],"wp:term":[{"taxonomy":"category","embeddable":true,"href":"https:\/\/periodicolarepublica.com\/index.php\/wp-json\/wp\/v2\/categories?post=4214"},{"taxonomy":"post_tag","embeddable":true,"href":"https:\/\/periodicolarepublica.com\/index.php\/wp-json\/wp\/v2\/tags?post=4214"}],"curies":[{"name":"wp","href":"https:\/\/api.w.org\/{rel}","templated":true}]}}