{"id":4220,"date":"2025-10-24T08:59:52","date_gmt":"2025-10-24T12:59:52","guid":{"rendered":"https:\/\/periodicolarepublica.com\/?p=4220"},"modified":"2025-10-24T08:59:52","modified_gmt":"2025-10-24T12:59:52","slug":"cuarta-edicion-del-dominican-boat-rally-edicion-montecristi-2025","status":"publish","type":"post","link":"https:\/\/periodicolarepublica.com\/index.php\/2025\/10\/24\/cuarta-edicion-del-dominican-boat-rally-edicion-montecristi-2025\/","title":{"rendered":"CUARTA EDICI\u00d3N DEL DOMINICAN BOAT RALLY   EDICI\u00d3N MONTECRISTI 2025"},"content":{"rendered":"<p>El comit\u00e9 organizador del Dominican Boat Rally 2025 y la empresa WT Events dieron a conocer en un encuentro con la prensa y la comunidad n\u00e1utica celebrado en Julieta Brasserie, los detalles de uno de los eventos m\u00e1s esperados por quienes aman la navegaci\u00f3n en botes, el \u201cBoating\u201d y hacer turismo por las costas y playas de nuestra Rep\u00fablica Dominicana.<\/p>\n<p><img loading=\"lazy\" decoding=\"async\" class=\"alignnone wp-image-4222 size-medium\" src=\"https:\/\/periodicolarepublica.com\/wp-content\/uploads\/2025\/10\/images-29-300x166.jpeg\" alt=\"\" width=\"300\" height=\"166\" \/><\/p>\n","protected":false},"excerpt":{"rendered":"<p>El comit\u00e9 organizador del Dominican Boat Rally 2025 y la empresa WT Events dieron a conocer en un encuentro con la prensa y la comunidad n\u00e1utica celebrado en Julieta Brasserie, los detalles de uno de los eventos m\u00e1s esperados por quienes aman la navegaci\u00f3n en botes, el \u201cBoating\u201d y hacer turismo por las costas y [&hellip;]<\/p>\n","protected":false},"author":6,"featured_media":4222,"comment_status":"open","ping_status":"open","sticky":false,"template":"","format":"standard","meta":{"om_disable_all_campaigns":false,"_monsterinsights_skip_tracking":false,"_monsterinsights_sitenote_active":false,"_monsterinsights_sitenote_note":"","_monsterinsights_sitenote_category":0,"footnotes":""},"categories":[1],"tags":[],"class_list":{"0":"post-4220","1":"post","2":"type-post","3":"status-publish","4":"format-standard","5":"has-post-thumbnail","7":"category-nacionales"},"aioseo_notices":[],"_links":{"self":[{"href":"https:\/\/periodicolarepublica.com\/index.php\/wp-json\/wp\/v2\/posts\/4220","targetHints":{"allow":["GET"]}}],"collection":[{"href":"https:\/\/periodicolarepublica.com\/index.php\/wp-json\/wp\/v2\/posts"}],"about":[{"href":"https:\/\/periodicolarepublica.com\/index.php\/wp-json\/wp\/v2\/types\/post"}],"author":[{"embeddable":true,"href":"https:\/\/periodicolarepublica.com\/index.php\/wp-json\/wp\/v2\/users\/6"}],"replies":[{"embeddable":true,"href":"https:\/\/periodicolarepublica.com\/index.php\/wp-json\/wp\/v2\/comments?post=4220"}],"version-history":[{"count":1,"href":"https:\/\/periodicolarepublica.com\/index.php\/wp-json\/wp\/v2\/posts\/4220\/revisions"}],"predecessor-version":[{"id":4223,"href":"https:\/\/periodicolarepublica.com\/index.php\/wp-json\/wp\/v2\/posts\/4220\/revisions\/4223"}],"wp:featuredmedia":[{"embeddable":true,"href":"https:\/\/periodicolarepublica.com\/index.php\/wp-json\/wp\/v2\/media\/4222"}],"wp:attachment":[{"href":"https:\/\/periodicolarepublica.com\/index.php\/wp-json\/wp\/v2\/media?parent=4220"}],"wp:term":[{"taxonomy":"category","embeddable":true,"href":"https:\/\/periodicolarepublica.com\/index.php\/wp-json\/wp\/v2\/categories?post=4220"},{"taxonomy":"post_tag","embeddable":true,"href":"https:\/\/periodicolarepublica.com\/index.php\/wp-json\/wp\/v2\/tags?post=4220"}],"curies":[{"name":"wp","href":"https:\/\/api.w.org\/{rel}","templated":true}]}}