{"id":4232,"date":"2025-10-24T09:10:40","date_gmt":"2025-10-24T13:10:40","guid":{"rendered":"https:\/\/periodicolarepublica.com\/?p=4232"},"modified":"2025-10-24T09:10:40","modified_gmt":"2025-10-24T13:10:40","slug":"barrick-pueblo-viejo-destaca-inversion-canadiense-y-fortalecimiento-de-relaciones-bilaterales-en-la-semana-dominicana-en-canada","status":"publish","type":"post","link":"https:\/\/periodicolarepublica.com\/index.php\/2025\/10\/24\/barrick-pueblo-viejo-destaca-inversion-canadiense-y-fortalecimiento-de-relaciones-bilaterales-en-la-semana-dominicana-en-canada\/","title":{"rendered":"Barrick Pueblo Viejo destaca inversi\u00f3n canadiense y fortalecimiento de relaciones bilaterales en la Semana Dominicana en Canad\u00e1"},"content":{"rendered":"<p>La presidenta de Pueblo Viejo, Gisselle Valera, destac\u00f3 la importancia de generar y fomentar<\/p>\n<p>&nbsp;<\/p>\n<p>nuevas oportunidades de inversi\u00f3n entre ambos pa\u00edses, al tiempo que expres\u00f3 el compromiso de proteger las inversiones existentes<\/p>\n<p>&nbsp;<\/p>\n<p>&nbsp;<\/p>\n<p>&nbsp;<\/p>\n<p>Ottawa, Canad\u00e1, mi\u00e9rcoles \u2013 Durante su participaci\u00f3n en la Semana Dominicana en Canad\u00e1, Gisselle Valera, presidenta de Barrick Pueblo Viejo, destac\u00f3 la relevancia de la relaci\u00f3n bilateral entre ambos pa\u00edses y la importancia de fomentar y mantener las inversiones a trav\u00e9s de la creaci\u00f3n de alianzas a largo plazo que generen valor.<\/p>\n<p>En su intervenci\u00f3n, subray\u00f3 que Barrick Pueblo Viejo constituye un modelo y ejemplo de inversi\u00f3n s\u00f3lida y duradera en Rep\u00fablica Dominicana, y que la compa\u00f1\u00eda busca promover e impulsar buenas pr\u00e1cticas que atraigan nuevas inversiones al pa\u00eds.<\/p>\n<p><img loading=\"lazy\" decoding=\"async\" class=\"alignnone size-full wp-image-4233\" src=\"https:\/\/periodicolarepublica.com\/wp-content\/uploads\/2025\/10\/images-20.png\" alt=\"\" width=\"300\" height=\"150\" srcset=\"https:\/\/periodicolarepublica.com\/wp-content\/uploads\/2025\/10\/images-20.png 300w, https:\/\/periodicolarepublica.com\/wp-content\/uploads\/2025\/10\/images-20-150x75.png 150w\" sizes=\"auto, (max-width: 300px) 100vw, 300px\" \/><\/p>\n","protected":false},"excerpt":{"rendered":"<p>La presidenta de Pueblo Viejo, Gisselle Valera, destac\u00f3 la importancia de generar y fomentar &nbsp; nuevas oportunidades de inversi\u00f3n entre ambos pa\u00edses, al tiempo que expres\u00f3 el compromiso de proteger las inversiones existentes &nbsp; &nbsp; &nbsp; Ottawa, Canad\u00e1, mi\u00e9rcoles \u2013 Durante su participaci\u00f3n en la Semana Dominicana en Canad\u00e1, Gisselle Valera, presidenta de Barrick Pueblo [&hellip;]<\/p>\n","protected":false},"author":6,"featured_media":4233,"comment_status":"open","ping_status":"open","sticky":false,"template":"","format":"standard","meta":{"om_disable_all_campaigns":false,"_monsterinsights_skip_tracking":false,"_monsterinsights_sitenote_active":false,"_monsterinsights_sitenote_note":"","_monsterinsights_sitenote_category":0,"footnotes":""},"categories":[1],"tags":[],"class_list":{"0":"post-4232","1":"post","2":"type-post","3":"status-publish","4":"format-standard","5":"has-post-thumbnail","7":"category-nacionales"},"aioseo_notices":[],"_links":{"self":[{"href":"https:\/\/periodicolarepublica.com\/index.php\/wp-json\/wp\/v2\/posts\/4232","targetHints":{"allow":["GET"]}}],"collection":[{"href":"https:\/\/periodicolarepublica.com\/index.php\/wp-json\/wp\/v2\/posts"}],"about":[{"href":"https:\/\/periodicolarepublica.com\/index.php\/wp-json\/wp\/v2\/types\/post"}],"author":[{"embeddable":true,"href":"https:\/\/periodicolarepublica.com\/index.php\/wp-json\/wp\/v2\/users\/6"}],"replies":[{"embeddable":true,"href":"https:\/\/periodicolarepublica.com\/index.php\/wp-json\/wp\/v2\/comments?post=4232"}],"version-history":[{"count":1,"href":"https:\/\/periodicolarepublica.com\/index.php\/wp-json\/wp\/v2\/posts\/4232\/revisions"}],"predecessor-version":[{"id":4234,"href":"https:\/\/periodicolarepublica.com\/index.php\/wp-json\/wp\/v2\/posts\/4232\/revisions\/4234"}],"wp:featuredmedia":[{"embeddable":true,"href":"https:\/\/periodicolarepublica.com\/index.php\/wp-json\/wp\/v2\/media\/4233"}],"wp:attachment":[{"href":"https:\/\/periodicolarepublica.com\/index.php\/wp-json\/wp\/v2\/media?parent=4232"}],"wp:term":[{"taxonomy":"category","embeddable":true,"href":"https:\/\/periodicolarepublica.com\/index.php\/wp-json\/wp\/v2\/categories?post=4232"},{"taxonomy":"post_tag","embeddable":true,"href":"https:\/\/periodicolarepublica.com\/index.php\/wp-json\/wp\/v2\/tags?post=4232"}],"curies":[{"name":"wp","href":"https:\/\/api.w.org\/{rel}","templated":true}]}}