{"id":4235,"date":"2025-10-24T09:16:45","date_gmt":"2025-10-24T13:16:45","guid":{"rendered":"https:\/\/periodicolarepublica.com\/?p=4235"},"modified":"2025-10-24T09:16:45","modified_gmt":"2025-10-24T13:16:45","slug":"liat-air-empezara-a-operar-vuelos-regulares-entre-antigua-y-santo-domingo","status":"publish","type":"post","link":"https:\/\/periodicolarepublica.com\/index.php\/2025\/10\/24\/liat-air-empezara-a-operar-vuelos-regulares-entre-antigua-y-santo-domingo\/","title":{"rendered":"Liat Air empezar\u00e1 a operar vuelos regulares entre Antigua y Santo Domingo"},"content":{"rendered":"<p>Los vuelos operar\u00e1n una vez por semana, despegando desde Antigua los viernes a las 14:00 para llegar a Santo Domingo a las 16:00. El regreso ser\u00e1 a las 16:45, llegando a Antigua a las 18:45.<\/p>\n<p>&nbsp;<\/p>\n<p>De acuerdo a informaci\u00f3n obtenida a trav\u00e9s del sistema de reservaci\u00f3n de la aerol\u00ednea, la ruta entre Antigua y Santo Domingo se realizar\u00e1 con su ATR 42-600 (Liat tiene adem\u00e1s dos Embraer ERJ-145).<\/p>\n<p>Por otra parte, si bien no ha habido un anuncio oficial, en el sistema puede observarse que a partir del 9 de diciembre Liat Air tambi\u00e9n empezar\u00e1 a volar entre Dominica y Punta Cana, con dos operaciones semanales los martes y s\u00e1bados, partiendo a las 14:10 para llegar a la ciudad dominicana a las 15:45.<\/p>\n<figure id=\"attachment_4236\" aria-describedby=\"caption-attachment-4236\" style=\"width: 300px\" class=\"wp-caption alignnone\"><img loading=\"lazy\" decoding=\"async\" class=\"wp-image-4236 size-medium\" src=\"https:\/\/periodicolarepublica.com\/wp-content\/uploads\/2025\/10\/images-31-300x159.jpeg\" alt=\"Liat Air\" width=\"300\" height=\"159\" srcset=\"https:\/\/periodicolarepublica.com\/wp-content\/uploads\/2025\/10\/images-31-300x159.jpeg 300w, https:\/\/periodicolarepublica.com\/wp-content\/uploads\/2025\/10\/images-31-150x80.jpeg 150w, https:\/\/periodicolarepublica.com\/wp-content\/uploads\/2025\/10\/images-31.jpeg 576w\" sizes=\"auto, (max-width: 300px) 100vw, 300px\" \/><figcaption id=\"caption-attachment-4236\" class=\"wp-caption-text\">Liat Air<\/figcaption><\/figure>\n","protected":false},"excerpt":{"rendered":"<p>Los vuelos operar\u00e1n una vez por semana, despegando desde Antigua los viernes a las 14:00 para llegar a Santo Domingo a las 16:00. El regreso ser\u00e1 a las 16:45, llegando a Antigua a las 18:45. &nbsp; De acuerdo a informaci\u00f3n obtenida a trav\u00e9s del sistema de reservaci\u00f3n de la aerol\u00ednea, la ruta entre Antigua y [&hellip;]<\/p>\n","protected":false},"author":6,"featured_media":4236,"comment_status":"open","ping_status":"open","sticky":false,"template":"","format":"standard","meta":{"om_disable_all_campaigns":false,"_monsterinsights_skip_tracking":false,"_monsterinsights_sitenote_active":false,"_monsterinsights_sitenote_note":"","_monsterinsights_sitenote_category":0,"footnotes":""},"categories":[1,20],"tags":[471,472],"class_list":{"0":"post-4235","1":"post","2":"type-post","3":"status-publish","4":"format-standard","5":"has-post-thumbnail","7":"category-nacionales","8":"category-turismo","9":"tag-liat-air","10":"tag-liatair-com"},"aioseo_notices":[],"_links":{"self":[{"href":"https:\/\/periodicolarepublica.com\/index.php\/wp-json\/wp\/v2\/posts\/4235","targetHints":{"allow":["GET"]}}],"collection":[{"href":"https:\/\/periodicolarepublica.com\/index.php\/wp-json\/wp\/v2\/posts"}],"about":[{"href":"https:\/\/periodicolarepublica.com\/index.php\/wp-json\/wp\/v2\/types\/post"}],"author":[{"embeddable":true,"href":"https:\/\/periodicolarepublica.com\/index.php\/wp-json\/wp\/v2\/users\/6"}],"replies":[{"embeddable":true,"href":"https:\/\/periodicolarepublica.com\/index.php\/wp-json\/wp\/v2\/comments?post=4235"}],"version-history":[{"count":1,"href":"https:\/\/periodicolarepublica.com\/index.php\/wp-json\/wp\/v2\/posts\/4235\/revisions"}],"predecessor-version":[{"id":4237,"href":"https:\/\/periodicolarepublica.com\/index.php\/wp-json\/wp\/v2\/posts\/4235\/revisions\/4237"}],"wp:featuredmedia":[{"embeddable":true,"href":"https:\/\/periodicolarepublica.com\/index.php\/wp-json\/wp\/v2\/media\/4236"}],"wp:attachment":[{"href":"https:\/\/periodicolarepublica.com\/index.php\/wp-json\/wp\/v2\/media?parent=4235"}],"wp:term":[{"taxonomy":"category","embeddable":true,"href":"https:\/\/periodicolarepublica.com\/index.php\/wp-json\/wp\/v2\/categories?post=4235"},{"taxonomy":"post_tag","embeddable":true,"href":"https:\/\/periodicolarepublica.com\/index.php\/wp-json\/wp\/v2\/tags?post=4235"}],"curies":[{"name":"wp","href":"https:\/\/api.w.org\/{rel}","templated":true}]}}