{"id":4238,"date":"2025-10-24T13:43:17","date_gmt":"2025-10-24T17:43:17","guid":{"rendered":"https:\/\/periodicolarepublica.com\/?p=4238"},"modified":"2025-10-24T13:43:17","modified_gmt":"2025-10-24T17:43:17","slug":"alcaldia-santo-domingo-norte-inicia-plan-de-intervencion-a-zonas-afectadas-por-tormenta-melissa","status":"publish","type":"post","link":"https:\/\/periodicolarepublica.com\/index.php\/2025\/10\/24\/alcaldia-santo-domingo-norte-inicia-plan-de-intervencion-a-zonas-afectadas-por-tormenta-melissa\/","title":{"rendered":"Alcaldia Santo Domingo Norte inicia Plan de Intervenci\u00f3n a zonas afectadas por tormenta Melissa"},"content":{"rendered":"<p>Santo Domingo Norte, R.D.- La Alcald\u00eda de Santo Domingo Norte, que encabeza su alcaldesa de Santo Domingo Norte, Betty Ger\u00f3nimo, inici\u00f3 un Plan de Intervenci\u00f3n y Apoyo a las zonas afectadas por la tormenta Melissa en el municipio, cuyas lluvias han causado estragos en varios sectores.<\/p>\n<p>El Ministerio de la Vivienda, Medio Ambiente, la Direcci\u00f3n de Asistencia Social y Alimentaci\u00f3n Comunitaria, la CAASD, Inapa, Programas Especiales de la Presidencia y otras instituciones, se unieron al cabildo para dar asistencia a las familias que se afectaron por las lluvias, que causaron estragos en varios sectores de la demarcaci\u00f3n.<\/p>\n<p>La intervenci\u00f3n incluye la entrega de raciones alimenticias crudas y cocidas, levantamiento y posterior reparaci\u00f3n de viviendas, intensificaci\u00f3n de limpieza de imbornales y ca\u00f1adas, reparaci\u00f3n de acueductos da\u00f1ados y suministro de agua potable, entre otros<\/p>\n<p>La alcaldesa Betty Ger\u00f3nimo indic\u00f3 que las labores no se detendr\u00e1n hasta que est\u00e9 todo controlado.<\/p>\n<p>\u00abHoy, como ayer, estamos interviniendo ya con equipos e instituciones del Gobierno, gracias a la CAASD, INAPA, Medio Ambiente y los Comedores Econ\u00f3micos. Tenemos m\u00e1s de 25 equipos, entre ellos retro, bobcat, camiones peque\u00f1os, para ser distribuidos en todo el municipio, indic\u00f3 Ger\u00f3nimo.<\/p>\n<p>En tanto, Silverio Severino, representante de la Direcci\u00f3n de Asistencia Social y Alimentaci\u00f3n Comunitaria, dijo que estar\u00e1n entregando unas seis mil raciones crudas y que instalar\u00e1n unos seis camiones en los distintos pol\u00edgonos del municipio (Guaricano, Sabana Perdida, Villa Mella Norte y Sur y El Hig\u00fcero) con alimentos cocinados.<\/p>\n<p>*Recorre zonas afectadas*<\/p>\n<p>Junto a los representantes del Gobierno central, la edil realiz\u00f3 un recorrido por las zonas afectadas, como la ca\u00f1ada de Buena Vista Segunda, Sabana Perdida, Guaricano, Villa Mella, entre otros sectores.<\/p>\n<p>Producto de los fuertes aguaceros, unas 600 personas han sido desplazadas a casa de amigos y familiares.<\/p>\n<p>El cabildo reitera el llamado a los mun\u00edcipes a tener conciencia, permanecer en sus hogares, no sacar la basura, salvaguardar su vida y la de los dem\u00e1s.<\/p>\n<figure id=\"attachment_4240\" aria-describedby=\"caption-attachment-4240\" style=\"width: 300px\" class=\"wp-caption aligncenter\"><img loading=\"lazy\" decoding=\"async\" class=\"wp-image-4240 size-medium\" src=\"https:\/\/periodicolarepublica.com\/wp-content\/uploads\/2025\/10\/IMG-20211119-WA0037-e1761327683659-300x232.jpg\" alt=\"Alcald\u00eda Santo Domingo Norte\" width=\"300\" height=\"232\" srcset=\"https:\/\/periodicolarepublica.com\/wp-content\/uploads\/2025\/10\/IMG-20211119-WA0037-e1761327683659-300x232.jpg 300w, https:\/\/periodicolarepublica.com\/wp-content\/uploads\/2025\/10\/IMG-20211119-WA0037-e1761327683659-150x116.jpg 150w, https:\/\/periodicolarepublica.com\/wp-content\/uploads\/2025\/10\/IMG-20211119-WA0037-e1761327683659-600x465.jpg 600w, https:\/\/periodicolarepublica.com\/wp-content\/uploads\/2025\/10\/IMG-20211119-WA0037-e1761327683659.jpg 603w\" sizes=\"auto, (max-width: 300px) 100vw, 300px\" \/><figcaption id=\"caption-attachment-4240\" class=\"wp-caption-text\">Alcald\u00eda Santo Domingo Norte<\/figcaption><\/figure>\n<p>*DIRECCI\u00d3N DE COMUNICACIONES*<\/p>\n","protected":false},"excerpt":{"rendered":"<p>Santo Domingo Norte, R.D.- La Alcald\u00eda de Santo Domingo Norte, que encabeza su alcaldesa de Santo Domingo Norte, Betty Ger\u00f3nimo, inici\u00f3 un Plan de Intervenci\u00f3n y Apoyo a las zonas afectadas por la tormenta Melissa en el municipio, cuyas lluvias han causado estragos en varios sectores. El Ministerio de la Vivienda, Medio Ambiente, la Direcci\u00f3n [&hellip;]<\/p>\n","protected":false},"author":6,"featured_media":4240,"comment_status":"open","ping_status":"open","sticky":false,"template":"","format":"standard","meta":{"om_disable_all_campaigns":false,"_monsterinsights_skip_tracking":false,"_monsterinsights_sitenote_active":false,"_monsterinsights_sitenote_note":"","_monsterinsights_sitenote_category":0,"footnotes":""},"categories":[1],"tags":[173],"class_list":{"0":"post-4238","1":"post","2":"type-post","3":"status-publish","4":"format-standard","5":"has-post-thumbnail","7":"category-nacionales","8":"tag-betty-geronimo"},"aioseo_notices":[],"_links":{"self":[{"href":"https:\/\/periodicolarepublica.com\/index.php\/wp-json\/wp\/v2\/posts\/4238","targetHints":{"allow":["GET"]}}],"collection":[{"href":"https:\/\/periodicolarepublica.com\/index.php\/wp-json\/wp\/v2\/posts"}],"about":[{"href":"https:\/\/periodicolarepublica.com\/index.php\/wp-json\/wp\/v2\/types\/post"}],"author":[{"embeddable":true,"href":"https:\/\/periodicolarepublica.com\/index.php\/wp-json\/wp\/v2\/users\/6"}],"replies":[{"embeddable":true,"href":"https:\/\/periodicolarepublica.com\/index.php\/wp-json\/wp\/v2\/comments?post=4238"}],"version-history":[{"count":1,"href":"https:\/\/periodicolarepublica.com\/index.php\/wp-json\/wp\/v2\/posts\/4238\/revisions"}],"predecessor-version":[{"id":4241,"href":"https:\/\/periodicolarepublica.com\/index.php\/wp-json\/wp\/v2\/posts\/4238\/revisions\/4241"}],"wp:featuredmedia":[{"embeddable":true,"href":"https:\/\/periodicolarepublica.com\/index.php\/wp-json\/wp\/v2\/media\/4240"}],"wp:attachment":[{"href":"https:\/\/periodicolarepublica.com\/index.php\/wp-json\/wp\/v2\/media?parent=4238"}],"wp:term":[{"taxonomy":"category","embeddable":true,"href":"https:\/\/periodicolarepublica.com\/index.php\/wp-json\/wp\/v2\/categories?post=4238"},{"taxonomy":"post_tag","embeddable":true,"href":"https:\/\/periodicolarepublica.com\/index.php\/wp-json\/wp\/v2\/tags?post=4238"}],"curies":[{"name":"wp","href":"https:\/\/api.w.org\/{rel}","templated":true}]}}