{"id":424,"date":"2024-02-27T05:43:09","date_gmt":"2024-02-27T04:43:09","guid":{"rendered":"https:\/\/periodicolarepublica.com\/?p=424"},"modified":"2024-02-27T05:43:09","modified_gmt":"2024-02-27T04:43:09","slug":"tomas-hernandez-alberto-presidente-del-movimiento-poder-pal-pueblo-destaca-el-liderazgo-de-luis-abinader-y-pronostica-su-victoria-en-las-proximas-elecciones-con-un-65","status":"publish","type":"post","link":"https:\/\/periodicolarepublica.com\/index.php\/2024\/02\/27\/tomas-hernandez-alberto-presidente-del-movimiento-poder-pal-pueblo-destaca-el-liderazgo-de-luis-abinader-y-pronostica-su-victoria-en-las-proximas-elecciones-con-un-65\/","title":{"rendered":"Tom\u00e1s Hern\u00e1ndez Alberto, presidente del Movimiento Poder PA&#8217;L Pueblo, destaca el liderazgo de Luis Abinader y pronostica su victoria en las pr\u00f3ximas elecciones con un 65%"},"content":{"rendered":"<p><img loading=\"lazy\" decoding=\"async\" class=\"alignnone size-medium wp-image-425\" src=\"https:\/\/periodicolarepublica.com\/wp-content\/uploads\/2024\/02\/photo-output-152-770x540-1-300x210.jpeg\" alt=\"\" width=\"300\" height=\"210\" srcset=\"https:\/\/periodicolarepublica.com\/wp-content\/uploads\/2024\/02\/photo-output-152-770x540-1-300x210.jpeg?v=1715379814 300w, https:\/\/periodicolarepublica.com\/wp-content\/uploads\/2024\/02\/photo-output-152-770x540-1-768x539.jpeg?v=1715379814 768w, https:\/\/periodicolarepublica.com\/wp-content\/uploads\/2024\/02\/photo-output-152-770x540-1-150x105.jpeg?v=1715379814 150w, https:\/\/periodicolarepublica.com\/wp-content\/uploads\/2024\/02\/photo-output-152-770x540-1-600x421.jpeg?v=1715379814 600w, https:\/\/periodicolarepublica.com\/wp-content\/uploads\/2024\/02\/photo-output-152-770x540-1-696x488.jpeg?v=1715379814 696w, https:\/\/periodicolarepublica.com\/wp-content\/uploads\/2024\/02\/photo-output-152-770x540-1-100x70.jpeg?v=1715379814 100w, https:\/\/periodicolarepublica.com\/wp-content\/uploads\/2024\/02\/photo-output-152-770x540-1-200x140.jpeg?v=1715379814 200w, https:\/\/periodicolarepublica.com\/wp-content\/uploads\/2024\/02\/photo-output-152-770x540-1.jpeg?v=1715379814 770w\" sizes=\"auto, (max-width: 300px) 100vw, 300px\" \/><\/p>\n<p>&nbsp;<\/p>\n<p>El ingeniero Tom\u00e1s Hern\u00e1ndez Alberto, reconocido l\u00edder y presidente del Movimiento Poder PA&#8217;L Pueblo, expres\u00f3 su firme convicci\u00f3n de que el actual presidente de la Rep\u00fablica Dominicana, Luis Abinader, ganar\u00e1 las elecciones de mayo con un amplio margen de apoyo popular.<\/p>\n<p>Durante su intervenci\u00f3n en el programa, el ingeniero Hern\u00e1ndez Alberto elogi\u00f3 la gesti\u00f3n de gobierno de Abinader, destacando su compromiso con el pa\u00eds y su capacidad para implementar pol\u00edticas efectivas que beneficien a la poblaci\u00f3n. El presidente del Movimiento Poder PA&#8217;L Pueblo afirm\u00f3 que la confianza y el respaldo que el pueblo dominicano ha depositado en Abinader se reflejar\u00e1n en un resultado electoral contundente.<\/p>\n<p>\u00abEl presidente Abinader ha demostrado un liderazgo s\u00f3lido y una visi\u00f3n clara para el desarrollo de nuestra naci\u00f3n. Sus acciones y logros en tan poco tiempo han generado un impacto positivo en la econom\u00eda, la educaci\u00f3n, la salud y otros sectores fundamentales para el bienestar de nuestro pueblo\u00bb, declar\u00f3 Hern\u00e1ndez Alberto.<\/p>\n<p>&nbsp;<\/p>\n<p>&nbsp;<\/p>\n","protected":false},"excerpt":{"rendered":"<p>&nbsp; El ingeniero Tom\u00e1s Hern\u00e1ndez Alberto, reconocido l\u00edder y presidente del Movimiento Poder PA&#8217;L Pueblo, expres\u00f3 su firme convicci\u00f3n de que el actual presidente de la Rep\u00fablica Dominicana, Luis Abinader, ganar\u00e1 las elecciones de mayo con un amplio margen de apoyo popular. Durante su intervenci\u00f3n en el programa, el ingeniero Hern\u00e1ndez Alberto elogi\u00f3 la gesti\u00f3n [&hellip;]<\/p>\n","protected":false},"author":1,"featured_media":425,"comment_status":"open","ping_status":"open","sticky":false,"template":"","format":"standard","meta":{"om_disable_all_campaigns":false,"_monsterinsights_skip_tracking":false,"_monsterinsights_sitenote_active":false,"_monsterinsights_sitenote_note":"","_monsterinsights_sitenote_category":0,"footnotes":""},"categories":[1],"tags":[],"class_list":{"0":"post-424","1":"post","2":"type-post","3":"status-publish","4":"format-standard","5":"has-post-thumbnail","7":"category-nacionales"},"aioseo_notices":[],"_links":{"self":[{"href":"https:\/\/periodicolarepublica.com\/index.php\/wp-json\/wp\/v2\/posts\/424","targetHints":{"allow":["GET"]}}],"collection":[{"href":"https:\/\/periodicolarepublica.com\/index.php\/wp-json\/wp\/v2\/posts"}],"about":[{"href":"https:\/\/periodicolarepublica.com\/index.php\/wp-json\/wp\/v2\/types\/post"}],"author":[{"embeddable":true,"href":"https:\/\/periodicolarepublica.com\/index.php\/wp-json\/wp\/v2\/users\/1"}],"replies":[{"embeddable":true,"href":"https:\/\/periodicolarepublica.com\/index.php\/wp-json\/wp\/v2\/comments?post=424"}],"version-history":[{"count":2,"href":"https:\/\/periodicolarepublica.com\/index.php\/wp-json\/wp\/v2\/posts\/424\/revisions"}],"predecessor-version":[{"id":428,"href":"https:\/\/periodicolarepublica.com\/index.php\/wp-json\/wp\/v2\/posts\/424\/revisions\/428"}],"wp:featuredmedia":[{"embeddable":true,"href":"https:\/\/periodicolarepublica.com\/index.php\/wp-json\/wp\/v2\/media\/425"}],"wp:attachment":[{"href":"https:\/\/periodicolarepublica.com\/index.php\/wp-json\/wp\/v2\/media?parent=424"}],"wp:term":[{"taxonomy":"category","embeddable":true,"href":"https:\/\/periodicolarepublica.com\/index.php\/wp-json\/wp\/v2\/categories?post=424"},{"taxonomy":"post_tag","embeddable":true,"href":"https:\/\/periodicolarepublica.com\/index.php\/wp-json\/wp\/v2\/tags?post=424"}],"curies":[{"name":"wp","href":"https:\/\/api.w.org\/{rel}","templated":true}]}}