{"id":4242,"date":"2025-10-24T15:20:08","date_gmt":"2025-10-24T19:20:08","guid":{"rendered":"https:\/\/periodicolarepublica.com\/?p=4242"},"modified":"2025-10-24T15:20:08","modified_gmt":"2025-10-24T19:20:08","slug":"tomas-hernandez-alberto-expresa-solidaridad-con-los-afectados-por-la-tormenta-melissa-y-resalta-la-rapida-respuesta-del-presidente-luis-abinader","status":"publish","type":"post","link":"https:\/\/periodicolarepublica.com\/index.php\/2025\/10\/24\/tomas-hernandez-alberto-expresa-solidaridad-con-los-afectados-por-la-tormenta-melissa-y-resalta-la-rapida-respuesta-del-presidente-luis-abinader\/","title":{"rendered":"Tom\u00e1s Hern\u00e1ndez Alberto expresa solidaridad con los afectados por la tormenta Melissa y resalta la r\u00e1pida respuesta del presidente Luis Abinader"},"content":{"rendered":"<p>Santo Domingo. \u2013 El dirigente pol\u00edtico Tom\u00e1s Hern\u00e1ndez Alberto expres\u00f3 un profundo mensaje de solidaridad con todas las familias afectadas por la tormenta Melissa, resaltando el compromiso y la sensibilidad del presidente Luis Abinader, quien ha demostrado una vez m\u00e1s que su prioridad es proteger la vida y el bienestar del pueblo dominicano.<\/p>\n<p>&nbsp;<\/p>\n<p>&nbsp;<\/p>\n<p>Hern\u00e1ndez Alberto se\u00f1al\u00f3 que desde el primer momento, el presidente Abinader ha estado al frente de las acciones de prevenci\u00f3n y respuesta, coordinando junto a las instituciones del Estado para que ning\u00fan ciudadano quede desamparado.<\/p>\n<p>&nbsp;<\/p>\n<p>&nbsp;<\/p>\n<p>\u201cTenemos un presidente humano, solidario y cercano. Luis Abinader no ha descansado ni un segundo para garantizar que cada familia afectada reciba el apoyo necesario. \u00c9l no piensa en pol\u00edtica ni en titulares, piensa en salvar vidas y en proteger a su gente\u201d, afirm\u00f3 Hern\u00e1ndez Alberto.<\/p>\n<p>&nbsp;<\/p>\n<p>El dirigente valor\u00f3 la presencia constante del mandatario en los momentos m\u00e1s dif\u00edciles del pa\u00eds, destacando que la mano amiga de este Gobierno siempre llega donde m\u00e1s se necesita, llevando esperanza, alimentos, y soluciones a los dominicanos que enfrentan esta emergencia.<\/p>\n<p>&nbsp;<\/p>\n<p>\u201cEste es un presidente que siente el dolor del pueblo, que act\u00faa con el coraz\u00f3n y que pone la vida por encima de cualquier inter\u00e9s. Su liderazgo y entrega marcan la diferencia entre gobernar y simplemente ocupar un cargo\u201d, agreg\u00f3.<\/p>\n<p>&nbsp;<\/p>\n<p>Finalmente, Tom\u00e1s Hern\u00e1ndez Alberto pidi\u00f3 a la poblaci\u00f3n mantener la calma y seguir las orientaciones oficiales, reiterando que el Gobierno del presidente Luis Abinader no dejar\u00e1 solo a ning\u00fan dominicano ante los efectos de la tormenta Melissa.<img loading=\"lazy\" decoding=\"async\" class=\"size-medium wp-image-4243 alignright\" src=\"https:\/\/periodicolarepublica.com\/wp-content\/uploads\/2025\/10\/El-podcast-de-mas-alto-valor-de-RD-Recuerda-todos-los-jueves-a-las-9-00-PM-por-canal-de-YouTube-del-@mananerordGracias-a-nuestros-amigos-de-@marabubbq-\u00a1la-cena-estuvo-buenisima-240x300.jpg\" alt=\"\" width=\"240\" height=\"300\" srcset=\"https:\/\/periodicolarepublica.com\/wp-content\/uploads\/2025\/10\/El-podcast-de-mas-alto-valor-de-RD-Recuerda-todos-los-jueves-a-las-9-00-PM-por-canal-de-YouTube-del-@mananerordGracias-a-nuestros-amigos-de-@marabubbq-\u00a1la-cena-estuvo-buenisima-240x300.jpg?v=1761333593 240w, https:\/\/periodicolarepublica.com\/wp-content\/uploads\/2025\/10\/El-podcast-de-mas-alto-valor-de-RD-Recuerda-todos-los-jueves-a-las-9-00-PM-por-canal-de-YouTube-del-@mananerordGracias-a-nuestros-amigos-de-@marabubbq-\u00a1la-cena-estuvo-buenisima-819x1024.jpg?v=1761333593 819w, https:\/\/periodicolarepublica.com\/wp-content\/uploads\/2025\/10\/El-podcast-de-mas-alto-valor-de-RD-Recuerda-todos-los-jueves-a-las-9-00-PM-por-canal-de-YouTube-del-@mananerordGracias-a-nuestros-amigos-de-@marabubbq-\u00a1la-cena-estuvo-buenisima-768x960.jpg?v=1761333593 768w, https:\/\/periodicolarepublica.com\/wp-content\/uploads\/2025\/10\/El-podcast-de-mas-alto-valor-de-RD-Recuerda-todos-los-jueves-a-las-9-00-PM-por-canal-de-YouTube-del-@mananerordGracias-a-nuestros-amigos-de-@marabubbq-\u00a1la-cena-estuvo-buenisima-150x188.jpg?v=1761333593 150w, https:\/\/periodicolarepublica.com\/wp-content\/uploads\/2025\/10\/El-podcast-de-mas-alto-valor-de-RD-Recuerda-todos-los-jueves-a-las-9-00-PM-por-canal-de-YouTube-del-@mananerordGracias-a-nuestros-amigos-de-@marabubbq-\u00a1la-cena-estuvo-buenisima-300x375.jpg?v=1761333593 300w, https:\/\/periodicolarepublica.com\/wp-content\/uploads\/2025\/10\/El-podcast-de-mas-alto-valor-de-RD-Recuerda-todos-los-jueves-a-las-9-00-PM-por-canal-de-YouTube-del-@mananerordGracias-a-nuestros-amigos-de-@marabubbq-\u00a1la-cena-estuvo-buenisima-600x750.jpg?v=1761333593 600w, https:\/\/periodicolarepublica.com\/wp-content\/uploads\/2025\/10\/El-podcast-de-mas-alto-valor-de-RD-Recuerda-todos-los-jueves-a-las-9-00-PM-por-canal-de-YouTube-del-@mananerordGracias-a-nuestros-amigos-de-@marabubbq-\u00a1la-cena-estuvo-buenisima-696x870.jpg?v=1761333593 696w, https:\/\/periodicolarepublica.com\/wp-content\/uploads\/2025\/10\/El-podcast-de-mas-alto-valor-de-RD-Recuerda-todos-los-jueves-a-las-9-00-PM-por-canal-de-YouTube-del-@mananerordGracias-a-nuestros-amigos-de-@marabubbq-\u00a1la-cena-estuvo-buenisima-1068x1335.jpg?v=1761333593 1068w, https:\/\/periodicolarepublica.com\/wp-content\/uploads\/2025\/10\/El-podcast-de-mas-alto-valor-de-RD-Recuerda-todos-los-jueves-a-las-9-00-PM-por-canal-de-YouTube-del-@mananerordGracias-a-nuestros-amigos-de-@marabubbq-\u00a1la-cena-estuvo-buenisima.jpg?v=1761333593 1080w\" sizes=\"auto, (max-width: 240px) 100vw, 240px\" \/><\/p>\n","protected":false},"excerpt":{"rendered":"<p>Santo Domingo. \u2013 El dirigente pol\u00edtico Tom\u00e1s Hern\u00e1ndez Alberto expres\u00f3 un profundo mensaje de solidaridad con todas las familias afectadas por la tormenta Melissa, resaltando el compromiso y la sensibilidad del presidente Luis Abinader, quien ha demostrado una vez m\u00e1s que su prioridad es proteger la vida y el bienestar del pueblo dominicano. &nbsp; &nbsp; [&hellip;]<\/p>\n","protected":false},"author":10,"featured_media":4243,"comment_status":"open","ping_status":"open","sticky":false,"template":"","format":"standard","meta":{"om_disable_all_campaigns":false,"_monsterinsights_skip_tracking":false,"_monsterinsights_sitenote_active":false,"_monsterinsights_sitenote_note":"","_monsterinsights_sitenote_category":0,"footnotes":""},"categories":[1],"tags":[],"class_list":{"0":"post-4242","1":"post","2":"type-post","3":"status-publish","4":"format-standard","5":"has-post-thumbnail","7":"category-nacionales"},"aioseo_notices":[],"_links":{"self":[{"href":"https:\/\/periodicolarepublica.com\/index.php\/wp-json\/wp\/v2\/posts\/4242","targetHints":{"allow":["GET"]}}],"collection":[{"href":"https:\/\/periodicolarepublica.com\/index.php\/wp-json\/wp\/v2\/posts"}],"about":[{"href":"https:\/\/periodicolarepublica.com\/index.php\/wp-json\/wp\/v2\/types\/post"}],"author":[{"embeddable":true,"href":"https:\/\/periodicolarepublica.com\/index.php\/wp-json\/wp\/v2\/users\/10"}],"replies":[{"embeddable":true,"href":"https:\/\/periodicolarepublica.com\/index.php\/wp-json\/wp\/v2\/comments?post=4242"}],"version-history":[{"count":1,"href":"https:\/\/periodicolarepublica.com\/index.php\/wp-json\/wp\/v2\/posts\/4242\/revisions"}],"predecessor-version":[{"id":4244,"href":"https:\/\/periodicolarepublica.com\/index.php\/wp-json\/wp\/v2\/posts\/4242\/revisions\/4244"}],"wp:featuredmedia":[{"embeddable":true,"href":"https:\/\/periodicolarepublica.com\/index.php\/wp-json\/wp\/v2\/media\/4243"}],"wp:attachment":[{"href":"https:\/\/periodicolarepublica.com\/index.php\/wp-json\/wp\/v2\/media?parent=4242"}],"wp:term":[{"taxonomy":"category","embeddable":true,"href":"https:\/\/periodicolarepublica.com\/index.php\/wp-json\/wp\/v2\/categories?post=4242"},{"taxonomy":"post_tag","embeddable":true,"href":"https:\/\/periodicolarepublica.com\/index.php\/wp-json\/wp\/v2\/tags?post=4242"}],"curies":[{"name":"wp","href":"https:\/\/api.w.org\/{rel}","templated":true}]}}