{"id":4245,"date":"2025-10-24T19:19:35","date_gmt":"2025-10-24T23:19:35","guid":{"rendered":"https:\/\/periodicolarepublica.com\/?p=4245"},"modified":"2025-10-24T19:19:35","modified_gmt":"2025-10-24T23:19:35","slug":"obras-publicas-informa-cierre-provisional-del-puente-flotante","status":"publish","type":"post","link":"https:\/\/periodicolarepublica.com\/index.php\/2025\/10\/24\/obras-publicas-informa-cierre-provisional-del-puente-flotante\/","title":{"rendered":"OBRAS PUBLICAS INFORMA CIERRE PROVISIONAL DEL PUENTE FLOTANTE"},"content":{"rendered":"<p>La Medida permitir\u00e1 el libre paso de lilas y material org\u00e1nico arrastrados por el r\u00edo Ozama<\/p>\n<p>Santo Domingo. &#8211; El Ministerio de Obras P\u00fablicas y Comunicaciones (MOPC) inform\u00f3 este viernes 24 de octubre el cierre provisional del Puente Flotante que conecta el Distrito Nacional con Santo Domingo Este.<\/p>\n<p>La medida busca permitir el libre flujo de las lilas y otros materiales org\u00e1nicos que est\u00e1n siendo arrastrados por la corriente del r\u00edo Ozama. Tomando en cuenta la baja circulaci\u00f3n vehicular en la zona en estos momentos el organismo precis\u00f3 que el puente permanecer\u00e1 cerrado al tr\u00e1nsito y oportunamente ser\u00e1 anunciada su reapertura en coordinaci\u00f3n con la DiGESSET, la Armada Dominicana y la Comisi\u00f3n Militar y Policial (COMIPOL).<\/p>\n<p>El ministro Eduardo Estrella reiter\u00f3 el llamado a la poblaci\u00f3n a evitar desplazamientos innecesarios y permanecer en sus hogares mientras persistan las lluvias, atendiendo siempre las orientaciones oficiales.<\/p>\n<p>El ministerio de Obras P\u00fablicas mantiene equipos de emergencia y brigadas distribuidos en puntos estrat\u00e9gicos del Gran Santo Domingo y otras provincias, en labores de limpieza y remoci\u00f3n de escombros, pozos filtrantes e imbornales en zonas sensibles a las lluvias. Las brigadas se mantienen en respuesta a las distintas eventualidades provocadas por el fen\u00f3meno atmosf\u00e9rico.<\/p>\n<p>Direcci\u00f3n de Prensa y Comunicaciones<\/p>\n<p>24 de octubre 2025<\/p>\n<p><img loading=\"lazy\" decoding=\"async\" class=\"alignnone size-full wp-image-2908\" src=\"https:\/\/periodicolarepublica.com\/wp-content\/uploads\/2025\/03\/images-12.png\" alt=\"\" width=\"225\" height=\"225\" srcset=\"https:\/\/periodicolarepublica.com\/wp-content\/uploads\/2025\/03\/images-12.png?v=1743190064 225w, https:\/\/periodicolarepublica.com\/wp-content\/uploads\/2025\/03\/images-12-150x150.png?v=1743190064 150w\" sizes=\"auto, (max-width: 225px) 100vw, 225px\" \/><\/p>\n","protected":false},"excerpt":{"rendered":"<p>La Medida permitir\u00e1 el libre paso de lilas y material org\u00e1nico arrastrados por el r\u00edo Ozama Santo Domingo. &#8211; El Ministerio de Obras P\u00fablicas y Comunicaciones (MOPC) inform\u00f3 este viernes 24 de octubre el cierre provisional del Puente Flotante que conecta el Distrito Nacional con Santo Domingo Este. La medida busca permitir el libre flujo [&hellip;]<\/p>\n","protected":false},"author":6,"featured_media":2908,"comment_status":"open","ping_status":"open","sticky":false,"template":"","format":"standard","meta":{"om_disable_all_campaigns":false,"_monsterinsights_skip_tracking":false,"_monsterinsights_sitenote_active":false,"_monsterinsights_sitenote_note":"","_monsterinsights_sitenote_category":0,"footnotes":""},"categories":[1],"tags":[],"class_list":{"0":"post-4245","1":"post","2":"type-post","3":"status-publish","4":"format-standard","5":"has-post-thumbnail","7":"category-nacionales"},"aioseo_notices":[],"_links":{"self":[{"href":"https:\/\/periodicolarepublica.com\/index.php\/wp-json\/wp\/v2\/posts\/4245","targetHints":{"allow":["GET"]}}],"collection":[{"href":"https:\/\/periodicolarepublica.com\/index.php\/wp-json\/wp\/v2\/posts"}],"about":[{"href":"https:\/\/periodicolarepublica.com\/index.php\/wp-json\/wp\/v2\/types\/post"}],"author":[{"embeddable":true,"href":"https:\/\/periodicolarepublica.com\/index.php\/wp-json\/wp\/v2\/users\/6"}],"replies":[{"embeddable":true,"href":"https:\/\/periodicolarepublica.com\/index.php\/wp-json\/wp\/v2\/comments?post=4245"}],"version-history":[{"count":1,"href":"https:\/\/periodicolarepublica.com\/index.php\/wp-json\/wp\/v2\/posts\/4245\/revisions"}],"predecessor-version":[{"id":4246,"href":"https:\/\/periodicolarepublica.com\/index.php\/wp-json\/wp\/v2\/posts\/4245\/revisions\/4246"}],"wp:featuredmedia":[{"embeddable":true,"href":"https:\/\/periodicolarepublica.com\/index.php\/wp-json\/wp\/v2\/media\/2908"}],"wp:attachment":[{"href":"https:\/\/periodicolarepublica.com\/index.php\/wp-json\/wp\/v2\/media?parent=4245"}],"wp:term":[{"taxonomy":"category","embeddable":true,"href":"https:\/\/periodicolarepublica.com\/index.php\/wp-json\/wp\/v2\/categories?post=4245"},{"taxonomy":"post_tag","embeddable":true,"href":"https:\/\/periodicolarepublica.com\/index.php\/wp-json\/wp\/v2\/tags?post=4245"}],"curies":[{"name":"wp","href":"https:\/\/api.w.org\/{rel}","templated":true}]}}