{"id":4247,"date":"2025-10-26T09:20:46","date_gmt":"2025-10-26T13:20:46","guid":{"rendered":"https:\/\/periodicolarepublica.com\/?p=4247"},"modified":"2025-10-26T09:20:46","modified_gmt":"2025-10-26T13:20:46","slug":"autocamiones-y-agencias-generales-recibieron-certificacion-oea","status":"publish","type":"post","link":"https:\/\/periodicolarepublica.com\/index.php\/2025\/10\/26\/autocamiones-y-agencias-generales-recibieron-certificacion-oea\/","title":{"rendered":"Autocamiones y Agencias Generales recibieron certificaci\u00f3n OEA"},"content":{"rendered":"<p>Las empresas Autocamiones S.A. y Agencias Generales SRL recibieron la certificaci\u00f3n como Operador Econ\u00f3mico Autorizado (OEA), un reconocimiento otorgado por la Direcci\u00f3n General de Aduanas (DGA), que acredita a ambas organizaciones como socios confiables en la cadena de suministro internacional, cumpliendo con altos est\u00e1ndares de seguridad, trazabilidad y cumplimiento normativo.<\/p>\n<p>Esta certificaci\u00f3n posiciona a las empresas Autocamiones S.A. y Agencias Generales S.R.L. como actores estrat\u00e9gicos dentro del comercio internacional, ya que el estatus de OEA permite agilizar los procesos aduanales, mejorar la seguridad de la cadena log\u00edstica, fortalecer la reputaci\u00f3n internacional de las empresas y acceder a beneficios comerciales en mercados.<\/p>\n<figure id=\"attachment_4248\" aria-describedby=\"caption-attachment-4248\" style=\"width: 300px\" class=\"wp-caption alignnone\"><a href=\"http:\/\/www.periodicolarepublica.com\"><img loading=\"lazy\" decoding=\"async\" class=\"wp-image-4248 size-medium\" src=\"https:\/\/periodicolarepublica.com\/wp-content\/uploads\/2025\/10\/Clara-Santa-Cruz-Clara-Reid-Georgia-Ann-Reid-y-Diana-Ramos-junto-a-colaboradores-scaled-e1761484620322-300x273.jpg\" alt=\"Autocamiones y Agencias Generales recibieron certificaci\u00f3n OEA\" width=\"300\" height=\"273\" srcset=\"https:\/\/periodicolarepublica.com\/wp-content\/uploads\/2025\/10\/Clara-Santa-Cruz-Clara-Reid-Georgia-Ann-Reid-y-Diana-Ramos-junto-a-colaboradores-scaled-e1761484620322-300x273.jpg 300w, https:\/\/periodicolarepublica.com\/wp-content\/uploads\/2025\/10\/Clara-Santa-Cruz-Clara-Reid-Georgia-Ann-Reid-y-Diana-Ramos-junto-a-colaboradores-scaled-e1761484620322-150x137.jpg 150w, https:\/\/periodicolarepublica.com\/wp-content\/uploads\/2025\/10\/Clara-Santa-Cruz-Clara-Reid-Georgia-Ann-Reid-y-Diana-Ramos-junto-a-colaboradores-scaled-e1761484620322.jpg 380w\" sizes=\"auto, (max-width: 300px) 100vw, 300px\" \/><\/a><figcaption id=\"caption-attachment-4248\" class=\"wp-caption-text\">Autocamiones y Agencias Generales recibieron certificaci\u00f3n OEA<\/figcaption><\/figure>\n<p>&nbsp;<\/p>\n","protected":false},"excerpt":{"rendered":"<p>Las empresas Autocamiones S.A. y Agencias Generales SRL recibieron la certificaci\u00f3n como Operador Econ\u00f3mico Autorizado (OEA), un reconocimiento otorgado por la Direcci\u00f3n General de Aduanas (DGA), que acredita a ambas organizaciones como socios confiables en la cadena de suministro internacional, cumpliendo con altos est\u00e1ndares de seguridad, trazabilidad y cumplimiento normativo. Esta certificaci\u00f3n posiciona a las [&hellip;]<\/p>\n","protected":false},"author":6,"featured_media":4248,"comment_status":"open","ping_status":"open","sticky":false,"template":"","format":"standard","meta":{"om_disable_all_campaigns":false,"_monsterinsights_skip_tracking":false,"_monsterinsights_sitenote_active":false,"_monsterinsights_sitenote_note":"","_monsterinsights_sitenote_category":0,"footnotes":""},"categories":[1],"tags":[473],"class_list":{"0":"post-4247","1":"post","2":"type-post","3":"status-publish","4":"format-standard","5":"has-post-thumbnail","7":"category-nacionales","8":"tag-autocamiones"},"aioseo_notices":[],"_links":{"self":[{"href":"https:\/\/periodicolarepublica.com\/index.php\/wp-json\/wp\/v2\/posts\/4247","targetHints":{"allow":["GET"]}}],"collection":[{"href":"https:\/\/periodicolarepublica.com\/index.php\/wp-json\/wp\/v2\/posts"}],"about":[{"href":"https:\/\/periodicolarepublica.com\/index.php\/wp-json\/wp\/v2\/types\/post"}],"author":[{"embeddable":true,"href":"https:\/\/periodicolarepublica.com\/index.php\/wp-json\/wp\/v2\/users\/6"}],"replies":[{"embeddable":true,"href":"https:\/\/periodicolarepublica.com\/index.php\/wp-json\/wp\/v2\/comments?post=4247"}],"version-history":[{"count":1,"href":"https:\/\/periodicolarepublica.com\/index.php\/wp-json\/wp\/v2\/posts\/4247\/revisions"}],"predecessor-version":[{"id":4249,"href":"https:\/\/periodicolarepublica.com\/index.php\/wp-json\/wp\/v2\/posts\/4247\/revisions\/4249"}],"wp:featuredmedia":[{"embeddable":true,"href":"https:\/\/periodicolarepublica.com\/index.php\/wp-json\/wp\/v2\/media\/4248"}],"wp:attachment":[{"href":"https:\/\/periodicolarepublica.com\/index.php\/wp-json\/wp\/v2\/media?parent=4247"}],"wp:term":[{"taxonomy":"category","embeddable":true,"href":"https:\/\/periodicolarepublica.com\/index.php\/wp-json\/wp\/v2\/categories?post=4247"},{"taxonomy":"post_tag","embeddable":true,"href":"https:\/\/periodicolarepublica.com\/index.php\/wp-json\/wp\/v2\/tags?post=4247"}],"curies":[{"name":"wp","href":"https:\/\/api.w.org\/{rel}","templated":true}]}}