{"id":4250,"date":"2025-10-26T09:24:58","date_gmt":"2025-10-26T13:24:58","guid":{"rendered":"https:\/\/periodicolarepublica.com\/?p=4250"},"modified":"2025-10-26T09:24:58","modified_gmt":"2025-10-26T13:24:58","slug":"mas-de-150-representantes-de-medios-digitales-participaran-en-la-fiesta-de-fucimdres-con-fernando-villalona","status":"publish","type":"post","link":"https:\/\/periodicolarepublica.com\/index.php\/2025\/10\/26\/mas-de-150-representantes-de-medios-digitales-participaran-en-la-fiesta-de-fucimdres-con-fernando-villalona\/","title":{"rendered":"M\u00e1s de 150 representantes de medios digitales participar\u00e1n en la fiesta de FUCIMDRES con Fernando Villalona\u00a0"},"content":{"rendered":"<p>Santo Domingo.\u2013 M\u00e1s de 150 representantes de medios digitales de todo el pa\u00eds confirmaron su participaci\u00f3n en la gran celebraci\u00f3n nacional organizada por la Fundaci\u00f3n del C\u00edrculo de Medios Digitales y Redes Sociales (FUCIMDRES), un evento dedicado a periodistas, comunicadores, influencers y amigos de la comunicaci\u00f3n en la Rep\u00fablica Dominicana.<\/p>\n<p>La esperada gala, que reunir\u00e1 a destacadas figuras del mundo medi\u00e1tico nacional, tiene como objetivo rendir homenaje al trabajo de los profesionales de la comunicaci\u00f3n, quienes d\u00eda tras d\u00eda aportan al fortalecimiento de la opini\u00f3n p\u00fablica, la informaci\u00f3n responsable y el desarrollo del pa\u00eds.<\/p>\n<p>Los organizadores destacaron la relevancia de esta iniciativa, que promueve la unidad, el reconocimiento y la integraci\u00f3n de los comunicadores dominicanos, consolid\u00e1ndose como un espacio de confraternidad y orgullo profesional.<\/p>\n<p>El evento se celebrar\u00e1 el s\u00e1bado 1 de noviembre, a partir de las 7:00 de la noche, en el Sal\u00f3n Independencia del Ministerio de Defensa, y contar\u00e1 con una alfombra azul conducida por la destacada comunicadora Jhangeily Dur\u00e1n, donde los invitados desfilar\u00e1n con elegancia, estilo y distinci\u00f3n.<\/p>\n<p>Entre las atracciones musicales de la noche destacan el legendario merenguero Fernando Villalona \u201cEl Mayimbe\u201d, el t\u00edpico Josued y su Impacto T\u00edpico, y el Grupo Dinast\u00eda, quienes pondr\u00e1n el ritmo a una velada cargada de celebraci\u00f3n, reconocimiento y compa\u00f1erismo.<\/p>\n<p>La entrada tiene un costo de RD$3,000 por persona, e incluye acceso al evento, participaci\u00f3n en la alfombra azul y barra libre de bebidas premium, con whisky, ron, vino, mojitos, vodka, jugos, refrescos y agua.<\/p>\n<p>Con esta gran actividad, FUCIMDRES reafirma su compromiso con enaltecer la labor de los comunicadores dominicanos, reconociendo su valiosa contribuci\u00f3n al desarrollo social, democr\u00e1tico y cultural de la naci\u00f3n.<\/p>\n<figure id=\"attachment_4251\" aria-describedby=\"caption-attachment-4251\" style=\"width: 279px\" class=\"wp-caption alignnone\"><img loading=\"lazy\" decoding=\"async\" class=\"wp-image-4251 size-medium\" src=\"https:\/\/periodicolarepublica.com\/wp-content\/uploads\/2025\/10\/IMG-20251026-WA0002-279x300.jpg\" alt=\"Fernando Villalona \" width=\"279\" height=\"300\" srcset=\"https:\/\/periodicolarepublica.com\/wp-content\/uploads\/2025\/10\/IMG-20251026-WA0002-279x300.jpg 279w, https:\/\/periodicolarepublica.com\/wp-content\/uploads\/2025\/10\/IMG-20251026-WA0002-150x161.jpg 150w, https:\/\/periodicolarepublica.com\/wp-content\/uploads\/2025\/10\/IMG-20251026-WA0002-300x322.jpg 300w, https:\/\/periodicolarepublica.com\/wp-content\/uploads\/2025\/10\/IMG-20251026-WA0002-600x645.jpg 600w, https:\/\/periodicolarepublica.com\/wp-content\/uploads\/2025\/10\/IMG-20251026-WA0002-696x748.jpg 696w, https:\/\/periodicolarepublica.com\/wp-content\/uploads\/2025\/10\/IMG-20251026-WA0002.jpg 753w\" sizes=\"auto, (max-width: 279px) 100vw, 279px\" \/><figcaption id=\"caption-attachment-4251\" class=\"wp-caption-text\">Fernando Villalona<\/figcaption><\/figure>\n","protected":false},"excerpt":{"rendered":"<p>Santo Domingo.\u2013 M\u00e1s de 150 representantes de medios digitales de todo el pa\u00eds confirmaron su participaci\u00f3n en la gran celebraci\u00f3n nacional organizada por la Fundaci\u00f3n del C\u00edrculo de Medios Digitales y Redes Sociales (FUCIMDRES), un evento dedicado a periodistas, comunicadores, influencers y amigos de la comunicaci\u00f3n en la Rep\u00fablica Dominicana. La esperada gala, que reunir\u00e1 [&hellip;]<\/p>\n","protected":false},"author":6,"featured_media":4251,"comment_status":"open","ping_status":"open","sticky":false,"template":"","format":"standard","meta":{"om_disable_all_campaigns":false,"_monsterinsights_skip_tracking":false,"_monsterinsights_sitenote_active":false,"_monsterinsights_sitenote_note":"","_monsterinsights_sitenote_category":0,"footnotes":""},"categories":[1],"tags":[474],"class_list":{"0":"post-4250","1":"post","2":"type-post","3":"status-publish","4":"format-standard","5":"has-post-thumbnail","7":"category-nacionales","8":"tag-fernando-villalona"},"aioseo_notices":[],"_links":{"self":[{"href":"https:\/\/periodicolarepublica.com\/index.php\/wp-json\/wp\/v2\/posts\/4250","targetHints":{"allow":["GET"]}}],"collection":[{"href":"https:\/\/periodicolarepublica.com\/index.php\/wp-json\/wp\/v2\/posts"}],"about":[{"href":"https:\/\/periodicolarepublica.com\/index.php\/wp-json\/wp\/v2\/types\/post"}],"author":[{"embeddable":true,"href":"https:\/\/periodicolarepublica.com\/index.php\/wp-json\/wp\/v2\/users\/6"}],"replies":[{"embeddable":true,"href":"https:\/\/periodicolarepublica.com\/index.php\/wp-json\/wp\/v2\/comments?post=4250"}],"version-history":[{"count":1,"href":"https:\/\/periodicolarepublica.com\/index.php\/wp-json\/wp\/v2\/posts\/4250\/revisions"}],"predecessor-version":[{"id":4252,"href":"https:\/\/periodicolarepublica.com\/index.php\/wp-json\/wp\/v2\/posts\/4250\/revisions\/4252"}],"wp:featuredmedia":[{"embeddable":true,"href":"https:\/\/periodicolarepublica.com\/index.php\/wp-json\/wp\/v2\/media\/4251"}],"wp:attachment":[{"href":"https:\/\/periodicolarepublica.com\/index.php\/wp-json\/wp\/v2\/media?parent=4250"}],"wp:term":[{"taxonomy":"category","embeddable":true,"href":"https:\/\/periodicolarepublica.com\/index.php\/wp-json\/wp\/v2\/categories?post=4250"},{"taxonomy":"post_tag","embeddable":true,"href":"https:\/\/periodicolarepublica.com\/index.php\/wp-json\/wp\/v2\/tags?post=4250"}],"curies":[{"name":"wp","href":"https:\/\/api.w.org\/{rel}","templated":true}]}}