{"id":4258,"date":"2025-10-26T09:35:03","date_gmt":"2025-10-26T13:35:03","guid":{"rendered":"https:\/\/periodicolarepublica.com\/?p=4258"},"modified":"2025-10-26T09:35:03","modified_gmt":"2025-10-26T13:35:03","slug":"banco-popular-desarrolla-su-vision-sostenible-en-jornada-comunicacion-de-pucmm","status":"publish","type":"post","link":"https:\/\/periodicolarepublica.com\/index.php\/2025\/10\/26\/banco-popular-desarrolla-su-vision-sostenible-en-jornada-comunicacion-de-pucmm\/","title":{"rendered":"Banco Popular desarrolla su visi\u00f3n sostenible en Jornada Comunicaci\u00f3n de PUCMM"},"content":{"rendered":"<p>Popular Dominicano particip\u00f3 en la 5ta Jornada de Comunicaci\u00f3n Corporativa de la Pontificia Universidad Cat\u00f3lica Madre y Maestra (PUCMM), en la cual desarroll\u00f3 c\u00f3mo la organizaci\u00f3n financiera despliega su visi\u00f3n sostenible en los \u00e1mbitos ambiental, social y de gobernanza (ASG), tanto a lo interno como lo externo de la instituci\u00f3n.<\/p>\n<p>En la ponencia, \u201cCaso de \u00e9xito: la gesti\u00f3n estrat\u00e9gica de la visi\u00f3n sostenible del Popular\u201d, la vicepresidenta del \u00c1rea de Relaciones Corporativas y Banca Responsable, se\u00f1ora Mariel Bera, explic\u00f3 que este enfoque de trabajo en torno a la sostenibilidad est\u00e1 presente en la entidad bancaria desde la carta constitutiva de su fundaci\u00f3n hace m\u00e1s de seis d\u00e9cadas.<\/p>\n<p>\u201cDesde 1963, el Banco Popular ha tenido el desarrollo sostenible del pa\u00eds como su norte. Entonces, se hablaba de la democratizaci\u00f3n de los servicios financieros. Hoy, esa filosof\u00eda se materializa en una banca responsable que crea valor econ\u00f3mico, social y ambiental\u201d, se\u00f1al\u00f3 la ejecutiva.<\/p>\n<p>Una apuesta por la gesti\u00f3n empresarial y el pa\u00eds<\/p>\n<p>Durante la actividad para alumnos de la carrera de Comunicaci\u00f3n Corporativa, estudiantes de postgrado y profesionales de los asuntos corporativos, remarc\u00f3 la importancia estrat\u00e9gica de incorporar la sostenibilidad como un eje transversal de la gesti\u00f3n empresarial, subrayando que para el Popular \u201cel crecimiento econ\u00f3mico solo tiene sentido si avanza junto al bienestar colectivo y la preservaci\u00f3n del entorno. Apostar a la sostenibilidad es apostar al pa\u00eds que queremos dejar a las pr\u00f3ximas generaciones\u201d, afirm\u00f3.<\/p>\n<p>Por eso, desde 2019, el Banco Popular es socio signatario de los Principios de Banca Responsable de las Naciones Unidas, convirti\u00e9ndose en el primer banco dominicano y del Caribe insular en formar parte de esta alianza global por un sistema financiero sostenible.<\/p>\n<figure id=\"attachment_3090\" aria-describedby=\"caption-attachment-3090\" style=\"width: 300px\" class=\"wp-caption alignnone\"><img loading=\"lazy\" decoding=\"async\" class=\"wp-image-3090 size-medium\" src=\"https:\/\/periodicolarepublica.com\/wp-content\/uploads\/2025\/04\/bpd250x250-300x158.jpg\" alt=\"\" width=\"300\" height=\"158\" srcset=\"https:\/\/periodicolarepublica.com\/wp-content\/uploads\/2025\/04\/bpd250x250-300x158.jpg 300w, https:\/\/periodicolarepublica.com\/wp-content\/uploads\/2025\/04\/bpd250x250-1024x538.jpg 1024w, https:\/\/periodicolarepublica.com\/wp-content\/uploads\/2025\/04\/bpd250x250-768x403.jpg 768w, https:\/\/periodicolarepublica.com\/wp-content\/uploads\/2025\/04\/bpd250x250-150x79.jpg 150w, https:\/\/periodicolarepublica.com\/wp-content\/uploads\/2025\/04\/bpd250x250-600x315.jpg 600w, https:\/\/periodicolarepublica.com\/wp-content\/uploads\/2025\/04\/bpd250x250-696x365.jpg 696w, https:\/\/periodicolarepublica.com\/wp-content\/uploads\/2025\/04\/bpd250x250-1068x561.jpg 1068w, https:\/\/periodicolarepublica.com\/wp-content\/uploads\/2025\/04\/bpd250x250.jpg 1200w\" sizes=\"auto, (max-width: 300px) 100vw, 300px\" \/><figcaption id=\"caption-attachment-3090\" class=\"wp-caption-text\">Banco Popular Dominicano<\/figcaption><\/figure>\n<figure id=\"attachment_4259\" aria-describedby=\"caption-attachment-4259\" style=\"width: 300px\" class=\"wp-caption alignnone\"><img loading=\"lazy\" decoding=\"async\" class=\"wp-image-4259 size-medium\" src=\"https:\/\/periodicolarepublica.com\/wp-content\/uploads\/2025\/10\/DSC03700-scaled-e1761485663513-300x252.jpg\" alt=\"\" width=\"300\" height=\"252\" srcset=\"https:\/\/periodicolarepublica.com\/wp-content\/uploads\/2025\/10\/DSC03700-scaled-e1761485663513-300x252.jpg 300w, https:\/\/periodicolarepublica.com\/wp-content\/uploads\/2025\/10\/DSC03700-scaled-e1761485663513-768x645.jpg 768w, https:\/\/periodicolarepublica.com\/wp-content\/uploads\/2025\/10\/DSC03700-scaled-e1761485663513-150x126.jpg 150w, https:\/\/periodicolarepublica.com\/wp-content\/uploads\/2025\/10\/DSC03700-scaled-e1761485663513-600x504.jpg 600w, https:\/\/periodicolarepublica.com\/wp-content\/uploads\/2025\/10\/DSC03700-scaled-e1761485663513-696x585.jpg 696w, https:\/\/periodicolarepublica.com\/wp-content\/uploads\/2025\/10\/DSC03700-scaled-e1761485663513.jpg 902w\" sizes=\"auto, (max-width: 300px) 100vw, 300px\" \/><figcaption id=\"caption-attachment-4259\" class=\"wp-caption-text\">Banco Popular<\/figcaption><\/figure>\n","protected":false},"excerpt":{"rendered":"<p>Popular Dominicano particip\u00f3 en la 5ta Jornada de Comunicaci\u00f3n Corporativa de la Pontificia Universidad Cat\u00f3lica Madre y Maestra (PUCMM), en la cual desarroll\u00f3 c\u00f3mo la organizaci\u00f3n financiera despliega su visi\u00f3n sostenible en los \u00e1mbitos ambiental, social y de gobernanza (ASG), tanto a lo interno como lo externo de la instituci\u00f3n. En la ponencia, \u201cCaso de [&hellip;]<\/p>\n","protected":false},"author":6,"featured_media":3090,"comment_status":"open","ping_status":"open","sticky":false,"template":"","format":"standard","meta":{"om_disable_all_campaigns":false,"_monsterinsights_skip_tracking":false,"_monsterinsights_sitenote_active":false,"_monsterinsights_sitenote_note":"","_monsterinsights_sitenote_category":0,"footnotes":""},"categories":[1],"tags":[],"class_list":{"0":"post-4258","1":"post","2":"type-post","3":"status-publish","4":"format-standard","5":"has-post-thumbnail","7":"category-nacionales"},"aioseo_notices":[],"_links":{"self":[{"href":"https:\/\/periodicolarepublica.com\/index.php\/wp-json\/wp\/v2\/posts\/4258","targetHints":{"allow":["GET"]}}],"collection":[{"href":"https:\/\/periodicolarepublica.com\/index.php\/wp-json\/wp\/v2\/posts"}],"about":[{"href":"https:\/\/periodicolarepublica.com\/index.php\/wp-json\/wp\/v2\/types\/post"}],"author":[{"embeddable":true,"href":"https:\/\/periodicolarepublica.com\/index.php\/wp-json\/wp\/v2\/users\/6"}],"replies":[{"embeddable":true,"href":"https:\/\/periodicolarepublica.com\/index.php\/wp-json\/wp\/v2\/comments?post=4258"}],"version-history":[{"count":1,"href":"https:\/\/periodicolarepublica.com\/index.php\/wp-json\/wp\/v2\/posts\/4258\/revisions"}],"predecessor-version":[{"id":4260,"href":"https:\/\/periodicolarepublica.com\/index.php\/wp-json\/wp\/v2\/posts\/4258\/revisions\/4260"}],"wp:featuredmedia":[{"embeddable":true,"href":"https:\/\/periodicolarepublica.com\/index.php\/wp-json\/wp\/v2\/media\/3090"}],"wp:attachment":[{"href":"https:\/\/periodicolarepublica.com\/index.php\/wp-json\/wp\/v2\/media?parent=4258"}],"wp:term":[{"taxonomy":"category","embeddable":true,"href":"https:\/\/periodicolarepublica.com\/index.php\/wp-json\/wp\/v2\/categories?post=4258"},{"taxonomy":"post_tag","embeddable":true,"href":"https:\/\/periodicolarepublica.com\/index.php\/wp-json\/wp\/v2\/tags?post=4258"}],"curies":[{"name":"wp","href":"https:\/\/api.w.org\/{rel}","templated":true}]}}