{"id":4261,"date":"2025-10-26T09:41:18","date_gmt":"2025-10-26T13:41:18","guid":{"rendered":"https:\/\/periodicolarepublica.com\/?p=4261"},"modified":"2025-10-26T09:41:18","modified_gmt":"2025-10-26T13:41:18","slug":"debaten-sobre-periodismo-turistico-y-sostenibilidad-en-la-bolsa-turistica-del-caribe-2025","status":"publish","type":"post","link":"https:\/\/periodicolarepublica.com\/index.php\/2025\/10\/26\/debaten-sobre-periodismo-turistico-y-sostenibilidad-en-la-bolsa-turistica-del-caribe-2025\/","title":{"rendered":"Debaten sobre periodismo tur\u00edstico y sostenibilidad en la Bolsa Tur\u00edstica del Caribe 2025"},"content":{"rendered":"<p>En la XXIX Feria de la Bolsa Tur\u00edstica del Caribe (BTC 2025), comunicadores, periodistas y l\u00edderes del sector debatieron este s\u00e1bado sobre los retos y oportunidades del periodismo tur\u00edstico en la construcci\u00f3n de un turismo sostenible en la Rep\u00fablica Dominicana.<\/p>\n<p>El conversatorio, celebrado en el sal\u00f3n La Ni\u00f1a del Hotel Dominican Fiesta, fue organizado por la Asociaci\u00f3n Dominicana de Prensa Tur\u00edstica (Adompretur), la Sociedad Dominicana de Medios Digitales (Sodomedi) y Bolsa Tur\u00edstica del Caribe (BTC), presidida por Luis Felipe Aquino y representada por su directora general, Luisa de Aquino.<\/p>\n<p>El encuentro fue encabezado por Sarah Hern\u00e1ndez, presidenta de Adompretur, y Amelia Reyes, presidenta de Sodomedi, quienes destacaron que la actividad surgi\u00f3 ante la necesidad de fortalecer una comunicaci\u00f3n tur\u00edstica responsable y comprometida con los principios del turismo sostenible.<\/p>\n<p>Periodismo tur\u00edstico: de la promoci\u00f3n a la conciencia<\/p>\n<p>Durante su intervenci\u00f3n, el periodista Manuel Quiterio Cede\u00f1o, pasado presidente de Adompretur y una de las voces m\u00e1s respetadas del periodismo tur\u00edstico dominicano, hizo un recorrido hist\u00f3rico sobre c\u00f3mo la prensa ha contribuido al posicionamiento del pa\u00eds como l\u00edder del turismo en la regi\u00f3n del Caribe.<\/p>\n<p><img loading=\"lazy\" decoding=\"async\" class=\"alignnone size-medium wp-image-4262\" src=\"https:\/\/periodicolarepublica.com\/wp-content\/uploads\/2025\/10\/1.-Manuel-Quiterio-Cedeno-Amelia-Reyes-Luisa-de-Aquino-y-Jose-Tajada-Gomez-scaled-e1761486022702-300x269.jpg\" alt=\"\" width=\"300\" height=\"269\" srcset=\"https:\/\/periodicolarepublica.com\/wp-content\/uploads\/2025\/10\/1.-Manuel-Quiterio-Cedeno-Amelia-Reyes-Luisa-de-Aquino-y-Jose-Tajada-Gomez-scaled-e1761486022702-300x269.jpg 300w, https:\/\/periodicolarepublica.com\/wp-content\/uploads\/2025\/10\/1.-Manuel-Quiterio-Cedeno-Amelia-Reyes-Luisa-de-Aquino-y-Jose-Tajada-Gomez-scaled-e1761486022702-1024x919.jpg 1024w, https:\/\/periodicolarepublica.com\/wp-content\/uploads\/2025\/10\/1.-Manuel-Quiterio-Cedeno-Amelia-Reyes-Luisa-de-Aquino-y-Jose-Tajada-Gomez-scaled-e1761486022702-768x690.jpg 768w, https:\/\/periodicolarepublica.com\/wp-content\/uploads\/2025\/10\/1.-Manuel-Quiterio-Cedeno-Amelia-Reyes-Luisa-de-Aquino-y-Jose-Tajada-Gomez-scaled-e1761486022702-150x135.jpg 150w, https:\/\/periodicolarepublica.com\/wp-content\/uploads\/2025\/10\/1.-Manuel-Quiterio-Cedeno-Amelia-Reyes-Luisa-de-Aquino-y-Jose-Tajada-Gomez-scaled-e1761486022702-600x539.jpg 600w, https:\/\/periodicolarepublica.com\/wp-content\/uploads\/2025\/10\/1.-Manuel-Quiterio-Cedeno-Amelia-Reyes-Luisa-de-Aquino-y-Jose-Tajada-Gomez-scaled-e1761486022702-696x625.jpg 696w, https:\/\/periodicolarepublica.com\/wp-content\/uploads\/2025\/10\/1.-Manuel-Quiterio-Cedeno-Amelia-Reyes-Luisa-de-Aquino-y-Jose-Tajada-Gomez-scaled-e1761486022702-1068x959.jpg 1068w, https:\/\/periodicolarepublica.com\/wp-content\/uploads\/2025\/10\/1.-Manuel-Quiterio-Cedeno-Amelia-Reyes-Luisa-de-Aquino-y-Jose-Tajada-Gomez-scaled-e1761486022702.jpg 1253w\" sizes=\"auto, (max-width: 300px) 100vw, 300px\" \/><\/p>\n","protected":false},"excerpt":{"rendered":"<p>En la XXIX Feria de la Bolsa Tur\u00edstica del Caribe (BTC 2025), comunicadores, periodistas y l\u00edderes del sector debatieron este s\u00e1bado sobre los retos y oportunidades del periodismo tur\u00edstico en la construcci\u00f3n de un turismo sostenible en la Rep\u00fablica Dominicana. El conversatorio, celebrado en el sal\u00f3n La Ni\u00f1a del Hotel Dominican Fiesta, fue organizado por [&hellip;]<\/p>\n","protected":false},"author":6,"featured_media":4262,"comment_status":"open","ping_status":"open","sticky":false,"template":"","format":"standard","meta":{"om_disable_all_campaigns":false,"_monsterinsights_skip_tracking":false,"_monsterinsights_sitenote_active":false,"_monsterinsights_sitenote_note":"","_monsterinsights_sitenote_category":0,"footnotes":""},"categories":[1,20],"tags":[],"class_list":{"0":"post-4261","1":"post","2":"type-post","3":"status-publish","4":"format-standard","5":"has-post-thumbnail","7":"category-nacionales","8":"category-turismo"},"aioseo_notices":[],"_links":{"self":[{"href":"https:\/\/periodicolarepublica.com\/index.php\/wp-json\/wp\/v2\/posts\/4261","targetHints":{"allow":["GET"]}}],"collection":[{"href":"https:\/\/periodicolarepublica.com\/index.php\/wp-json\/wp\/v2\/posts"}],"about":[{"href":"https:\/\/periodicolarepublica.com\/index.php\/wp-json\/wp\/v2\/types\/post"}],"author":[{"embeddable":true,"href":"https:\/\/periodicolarepublica.com\/index.php\/wp-json\/wp\/v2\/users\/6"}],"replies":[{"embeddable":true,"href":"https:\/\/periodicolarepublica.com\/index.php\/wp-json\/wp\/v2\/comments?post=4261"}],"version-history":[{"count":1,"href":"https:\/\/periodicolarepublica.com\/index.php\/wp-json\/wp\/v2\/posts\/4261\/revisions"}],"predecessor-version":[{"id":4263,"href":"https:\/\/periodicolarepublica.com\/index.php\/wp-json\/wp\/v2\/posts\/4261\/revisions\/4263"}],"wp:featuredmedia":[{"embeddable":true,"href":"https:\/\/periodicolarepublica.com\/index.php\/wp-json\/wp\/v2\/media\/4262"}],"wp:attachment":[{"href":"https:\/\/periodicolarepublica.com\/index.php\/wp-json\/wp\/v2\/media?parent=4261"}],"wp:term":[{"taxonomy":"category","embeddable":true,"href":"https:\/\/periodicolarepublica.com\/index.php\/wp-json\/wp\/v2\/categories?post=4261"},{"taxonomy":"post_tag","embeddable":true,"href":"https:\/\/periodicolarepublica.com\/index.php\/wp-json\/wp\/v2\/tags?post=4261"}],"curies":[{"name":"wp","href":"https:\/\/api.w.org\/{rel}","templated":true}]}}