{"id":4264,"date":"2025-10-26T09:46:58","date_gmt":"2025-10-26T13:46:58","guid":{"rendered":"https:\/\/periodicolarepublica.com\/?p=4264"},"modified":"2025-10-26T09:46:58","modified_gmt":"2025-10-26T13:46:58","slug":"drones-del-911-son-utilizados-para-realizar-entrega-de-kits-de-raciones-crudas-a-familias-incomunicadas-en-santo-domingo-norte","status":"publish","type":"post","link":"https:\/\/periodicolarepublica.com\/index.php\/2025\/10\/26\/drones-del-911-son-utilizados-para-realizar-entrega-de-kits-de-raciones-crudas-a-familias-incomunicadas-en-santo-domingo-norte\/","title":{"rendered":"Drones del 911 son utilizados para realizar entrega de kits de raciones crudas a familias incomunicadas en Santo Domingo Norte"},"content":{"rendered":"<p>La Direcci\u00f3n de Asistencia Social y Alimentaci\u00f3n Comunitaria (DASAC) y el Sistema Nacional de Atenci\u00f3n a Emergencias y Seguridad 911, unieron esfuerzos para llevar alimentos de manera a\u00e9rea a 42 familias incomunicadas en el distrito municipal de La Victoria.<\/p>\n<p>Santo Domingo, 26 de octubre de 2025. \u2013 El Sistema Nacional de Atenci\u00f3n a Emergencias y Seguridad 911, en coordinaci\u00f3n con la Direcci\u00f3n de Asistencia Social y Alimentaci\u00f3n Comunitaria (DASAC), realiz\u00f3 la entrega de kits raciones crudas en el municipio Santo Domingo Norte mediante el uso de drones de carga, como parte de las acciones de apoyo a las comunidades impactadas por las lluvias del fen\u00f3meno atmosf\u00e9rico Melissa.<\/p>\n<p>El operativo de la Direcci\u00f3n de Asistencia Social y Alimentaci\u00f3n Comunitaria (DASAC), tuvo lugar en La Ceiba del distrito municipal de La Victoria, donde el desbordamiento del r\u00edo Cab\u00f3n dej\u00f3 incomunicada a 42 familias que permanecen aisladas<\/p>\n<p>Los drones del 911, operados por personal especializado, realizaron el traslado a\u00e9reo de los alimentos, permitiendo que las raciones llegaran de manera r\u00e1pida y segura pese a las condiciones adversas del tiempo.<\/p>\n<p>En el operativo participaron el director de la Direcci\u00f3n de Asistencia Social y Alimentaci\u00f3n Comunitaria (DASAC), Edgar Augusto F\u00e9liz M\u00e9ndez y el alcalde del distrito municipal de La Victoria, Miguel Savi\u00f1\u00f3n, quienes constataron el uso efectivo de la tecnolog\u00eda como herramienta de apoyo para salvaguardar vida y asistir a las comunidades afectadas.<\/p>\n<p>Esta acci\u00f3n reafirma el esfuerzo interinstitucional que fortalece la capacidad de respuesta del Estado dominicano, integrando innovaci\u00f3n tecnol\u00f3gica y log\u00edstica a\u00e9rea al servicio de la poblaci\u00f3n ante los efectos de la tormenta tropical Melissa, convertida en hurac\u00e1n.<\/p>\n<p><img loading=\"lazy\" decoding=\"async\" class=\"alignnone size-medium wp-image-4057\" src=\"https:\/\/periodicolarepublica.com\/wp-content\/uploads\/2025\/09\/911-title-300x113.png\" alt=\"\" width=\"300\" height=\"113\" srcset=\"https:\/\/periodicolarepublica.com\/wp-content\/uploads\/2025\/09\/911-title-300x113.png 300w, https:\/\/periodicolarepublica.com\/wp-content\/uploads\/2025\/09\/911-title-768x289.png 768w, https:\/\/periodicolarepublica.com\/wp-content\/uploads\/2025\/09\/911-title-150x57.png 150w, https:\/\/periodicolarepublica.com\/wp-content\/uploads\/2025\/09\/911-title-600x226.png 600w, https:\/\/periodicolarepublica.com\/wp-content\/uploads\/2025\/09\/911-title-696x262.png 696w, https:\/\/periodicolarepublica.com\/wp-content\/uploads\/2025\/09\/911-title.png 828w\" sizes=\"auto, (max-width: 300px) 100vw, 300px\" \/><\/p>\n","protected":false},"excerpt":{"rendered":"<p>La Direcci\u00f3n de Asistencia Social y Alimentaci\u00f3n Comunitaria (DASAC) y el Sistema Nacional de Atenci\u00f3n a Emergencias y Seguridad 911, unieron esfuerzos para llevar alimentos de manera a\u00e9rea a 42 familias incomunicadas en el distrito municipal de La Victoria. Santo Domingo, 26 de octubre de 2025. \u2013 El Sistema Nacional de Atenci\u00f3n a Emergencias y [&hellip;]<\/p>\n","protected":false},"author":6,"featured_media":4057,"comment_status":"open","ping_status":"open","sticky":false,"template":"","format":"standard","meta":{"om_disable_all_campaigns":false,"_monsterinsights_skip_tracking":false,"_monsterinsights_sitenote_active":false,"_monsterinsights_sitenote_note":"","_monsterinsights_sitenote_category":0,"footnotes":""},"categories":[1],"tags":[461],"class_list":{"0":"post-4264","1":"post","2":"type-post","3":"status-publish","4":"format-standard","5":"has-post-thumbnail","7":"category-nacionales","8":"tag-461"},"aioseo_notices":[],"_links":{"self":[{"href":"https:\/\/periodicolarepublica.com\/index.php\/wp-json\/wp\/v2\/posts\/4264","targetHints":{"allow":["GET"]}}],"collection":[{"href":"https:\/\/periodicolarepublica.com\/index.php\/wp-json\/wp\/v2\/posts"}],"about":[{"href":"https:\/\/periodicolarepublica.com\/index.php\/wp-json\/wp\/v2\/types\/post"}],"author":[{"embeddable":true,"href":"https:\/\/periodicolarepublica.com\/index.php\/wp-json\/wp\/v2\/users\/6"}],"replies":[{"embeddable":true,"href":"https:\/\/periodicolarepublica.com\/index.php\/wp-json\/wp\/v2\/comments?post=4264"}],"version-history":[{"count":1,"href":"https:\/\/periodicolarepublica.com\/index.php\/wp-json\/wp\/v2\/posts\/4264\/revisions"}],"predecessor-version":[{"id":4265,"href":"https:\/\/periodicolarepublica.com\/index.php\/wp-json\/wp\/v2\/posts\/4264\/revisions\/4265"}],"wp:featuredmedia":[{"embeddable":true,"href":"https:\/\/periodicolarepublica.com\/index.php\/wp-json\/wp\/v2\/media\/4057"}],"wp:attachment":[{"href":"https:\/\/periodicolarepublica.com\/index.php\/wp-json\/wp\/v2\/media?parent=4264"}],"wp:term":[{"taxonomy":"category","embeddable":true,"href":"https:\/\/periodicolarepublica.com\/index.php\/wp-json\/wp\/v2\/categories?post=4264"},{"taxonomy":"post_tag","embeddable":true,"href":"https:\/\/periodicolarepublica.com\/index.php\/wp-json\/wp\/v2\/tags?post=4264"}],"curies":[{"name":"wp","href":"https:\/\/api.w.org\/{rel}","templated":true}]}}