{"id":4266,"date":"2025-10-27T16:18:11","date_gmt":"2025-10-27T20:18:11","guid":{"rendered":"https:\/\/periodicolarepublica.com\/?p=4266"},"modified":"2025-10-27T16:18:11","modified_gmt":"2025-10-27T20:18:11","slug":"tomas-hernandez-alberto-visita-provincias-afectadas-por-la-tormenta-melissa-y-destaca-el-apoyo-constante-del-presidente-luis-abinader","status":"publish","type":"post","link":"https:\/\/periodicolarepublica.com\/index.php\/2025\/10\/27\/tomas-hernandez-alberto-visita-provincias-afectadas-por-la-tormenta-melissa-y-destaca-el-apoyo-constante-del-presidente-luis-abinader\/","title":{"rendered":"Tom\u00e1s Hern\u00e1ndez Alberto visita provincias afectadas por la tormenta Melissa y destaca el apoyo constante del presidente Luis Abinader"},"content":{"rendered":"<p>Santo Domingo, R.D. \u2013 El presidente del movimiento Poder pa\u2019l Pueblo, Ing. Tom\u00e1s Hern\u00e1ndez Alberto, visit\u00f3 varias provincias del pa\u00eds donde la tormenta Melissa caus\u00f3 mayores estragos, llevando un mensaje de esperanza y solidaridad a las familias afectadas.<\/p>\n<p>&nbsp;<\/p>\n<p>Durante su recorrido, Hern\u00e1ndez Alberto expres\u00f3 que el presidente Luis Abinader est\u00e1 con su pueblo en cada momento dif\u00edcil, acompa\u00f1ando de cerca a las comunidades que m\u00e1s lo necesitan.<\/p>\n<p>&nbsp;<\/p>\n<p>\u201cTenemos un presidente en el Palacio Nacional que siente y sufre con su gente. El presidente Abinader est\u00e1 presente y seguir\u00e1 junto a ustedes como lo ha hecho desde el primer d\u00eda de las lluvias. Estamos aqu\u00ed en su nombre para decirles que no est\u00e1n solos\u201d, manifest\u00f3 Hern\u00e1ndez Alberto.<\/p>\n<p>&nbsp;<\/p>\n<p>El dirigente asegur\u00f3 que las ayudas del Gobierno continuar\u00e1n llegando a todas las zonas afectadas, reafirmando el compromiso de un gobierno humano, cercano y solidario.<\/p>\n<p>&nbsp;<\/p>\n<p>\u201cComo ya hemos podido ver, las ayudas no se han detenido y seguir\u00e1n llegando donde cada familia necesite el apoyo del se\u00f1or presidente Luis Abinader\u201d, agreg\u00f3.<\/p>\n<p>&nbsp;<\/p>\n<p>Tom\u00e1s Hern\u00e1ndez Alberto reiter\u00f3 que el Movimiento Poder pa\u2019l Pueblo continuar\u00e1 colaborando con las autoridades para garantizar que la asistencia llegue a cada rinc\u00f3n del pa\u00eds, demostrando que este es un gobierno del pueblo y para el pueblo.<img loading=\"lazy\" decoding=\"async\" class=\"size-medium wp-image-4267 alignright\" src=\"https:\/\/periodicolarepublica.com\/wp-content\/uploads\/2025\/10\/IMG_20251027_160624-300x289.jpg\" alt=\"\" width=\"300\" height=\"289\" srcset=\"https:\/\/periodicolarepublica.com\/wp-content\/uploads\/2025\/10\/IMG_20251027_160624-300x289.jpg?v=1761596264 300w, https:\/\/periodicolarepublica.com\/wp-content\/uploads\/2025\/10\/IMG_20251027_160624-1024x985.jpg?v=1761596264 1024w, https:\/\/periodicolarepublica.com\/wp-content\/uploads\/2025\/10\/IMG_20251027_160624-768x739.jpg?v=1761596264 768w, https:\/\/periodicolarepublica.com\/wp-content\/uploads\/2025\/10\/IMG_20251027_160624-1536x1478.jpg?v=1761596264 1536w, https:\/\/periodicolarepublica.com\/wp-content\/uploads\/2025\/10\/IMG_20251027_160624-2048x1970.jpg?v=1761596264 2048w, https:\/\/periodicolarepublica.com\/wp-content\/uploads\/2025\/10\/IMG_20251027_160624-150x144.jpg?v=1761596264 150w, https:\/\/periodicolarepublica.com\/wp-content\/uploads\/2025\/10\/IMG_20251027_160624-600x577.jpg?v=1761596264 600w, https:\/\/periodicolarepublica.com\/wp-content\/uploads\/2025\/10\/IMG_20251027_160624-696x670.jpg?v=1761596264 696w, https:\/\/periodicolarepublica.com\/wp-content\/uploads\/2025\/10\/IMG_20251027_160624-1392x1339.jpg?v=1761596264 1392w, https:\/\/periodicolarepublica.com\/wp-content\/uploads\/2025\/10\/IMG_20251027_160624-1068x1027.jpg?v=1761596264 1068w, https:\/\/periodicolarepublica.com\/wp-content\/uploads\/2025\/10\/IMG_20251027_160624-1920x1847.jpg?v=1761596264 1920w\" sizes=\"auto, (max-width: 300px) 100vw, 300px\" \/><\/p>\n","protected":false},"excerpt":{"rendered":"<p>Santo Domingo, R.D. \u2013 El presidente del movimiento Poder pa\u2019l Pueblo, Ing. Tom\u00e1s Hern\u00e1ndez Alberto, visit\u00f3 varias provincias del pa\u00eds donde la tormenta Melissa caus\u00f3 mayores estragos, llevando un mensaje de esperanza y solidaridad a las familias afectadas. &nbsp; Durante su recorrido, Hern\u00e1ndez Alberto expres\u00f3 que el presidente Luis Abinader est\u00e1 con su pueblo en [&hellip;]<\/p>\n","protected":false},"author":10,"featured_media":4267,"comment_status":"open","ping_status":"open","sticky":false,"template":"","format":"standard","meta":{"om_disable_all_campaigns":false,"_monsterinsights_skip_tracking":false,"_monsterinsights_sitenote_active":false,"_monsterinsights_sitenote_note":"","_monsterinsights_sitenote_category":0,"footnotes":""},"categories":[1],"tags":[163],"class_list":{"0":"post-4266","1":"post","2":"type-post","3":"status-publish","4":"format-standard","5":"has-post-thumbnail","7":"category-nacionales","8":"tag-tomas-hernandez-alberto"},"aioseo_notices":[],"_links":{"self":[{"href":"https:\/\/periodicolarepublica.com\/index.php\/wp-json\/wp\/v2\/posts\/4266","targetHints":{"allow":["GET"]}}],"collection":[{"href":"https:\/\/periodicolarepublica.com\/index.php\/wp-json\/wp\/v2\/posts"}],"about":[{"href":"https:\/\/periodicolarepublica.com\/index.php\/wp-json\/wp\/v2\/types\/post"}],"author":[{"embeddable":true,"href":"https:\/\/periodicolarepublica.com\/index.php\/wp-json\/wp\/v2\/users\/10"}],"replies":[{"embeddable":true,"href":"https:\/\/periodicolarepublica.com\/index.php\/wp-json\/wp\/v2\/comments?post=4266"}],"version-history":[{"count":1,"href":"https:\/\/periodicolarepublica.com\/index.php\/wp-json\/wp\/v2\/posts\/4266\/revisions"}],"predecessor-version":[{"id":4268,"href":"https:\/\/periodicolarepublica.com\/index.php\/wp-json\/wp\/v2\/posts\/4266\/revisions\/4268"}],"wp:featuredmedia":[{"embeddable":true,"href":"https:\/\/periodicolarepublica.com\/index.php\/wp-json\/wp\/v2\/media\/4267"}],"wp:attachment":[{"href":"https:\/\/periodicolarepublica.com\/index.php\/wp-json\/wp\/v2\/media?parent=4266"}],"wp:term":[{"taxonomy":"category","embeddable":true,"href":"https:\/\/periodicolarepublica.com\/index.php\/wp-json\/wp\/v2\/categories?post=4266"},{"taxonomy":"post_tag","embeddable":true,"href":"https:\/\/periodicolarepublica.com\/index.php\/wp-json\/wp\/v2\/tags?post=4266"}],"curies":[{"name":"wp","href":"https:\/\/api.w.org\/{rel}","templated":true}]}}