{"id":427,"date":"2024-02-27T05:53:13","date_gmt":"2024-02-27T04:53:13","guid":{"rendered":"https:\/\/periodicolarepublica.com\/?p=427"},"modified":"2024-02-27T05:53:13","modified_gmt":"2024-02-27T04:53:13","slug":"turismo-entrega-restaurada-la-puerta-de-la-misericordia","status":"publish","type":"post","link":"https:\/\/periodicolarepublica.com\/index.php\/2024\/02\/27\/turismo-entrega-restaurada-la-puerta-de-la-misericordia\/","title":{"rendered":"Turismo entrega restaurada la Puerta de la Misericordia"},"content":{"rendered":"<p style=\"font-weight: 400;\"><img loading=\"lazy\" decoding=\"async\" class=\"alignnone size-medium wp-image-430\" src=\"https:\/\/periodicolarepublica.com\/wp-content\/uploads\/2024\/02\/Picsart_24-02-27_00-50-34-674-300x158.jpg\" alt=\"\" width=\"300\" height=\"158\" srcset=\"https:\/\/periodicolarepublica.com\/wp-content\/uploads\/2024\/02\/Picsart_24-02-27_00-50-34-674-300x158.jpg?v=1715379813 300w, https:\/\/periodicolarepublica.com\/wp-content\/uploads\/2024\/02\/Picsart_24-02-27_00-50-34-674-1024x538.jpg?v=1715379813 1024w, https:\/\/periodicolarepublica.com\/wp-content\/uploads\/2024\/02\/Picsart_24-02-27_00-50-34-674-768x403.jpg?v=1715379813 768w, https:\/\/periodicolarepublica.com\/wp-content\/uploads\/2024\/02\/Picsart_24-02-27_00-50-34-674-1536x807.jpg?v=1715379813 1536w, https:\/\/periodicolarepublica.com\/wp-content\/uploads\/2024\/02\/Picsart_24-02-27_00-50-34-674-2048x1075.jpg?v=1715379813 2048w, https:\/\/periodicolarepublica.com\/wp-content\/uploads\/2024\/02\/Picsart_24-02-27_00-50-34-674-150x79.jpg?v=1715379813 150w, https:\/\/periodicolarepublica.com\/wp-content\/uploads\/2024\/02\/Picsart_24-02-27_00-50-34-674-600x315.jpg?v=1715379813 600w, https:\/\/periodicolarepublica.com\/wp-content\/uploads\/2024\/02\/Picsart_24-02-27_00-50-34-674-696x365.jpg?v=1715379813 696w, https:\/\/periodicolarepublica.com\/wp-content\/uploads\/2024\/02\/Picsart_24-02-27_00-50-34-674-1392x731.jpg?v=1715379813 1392w, https:\/\/periodicolarepublica.com\/wp-content\/uploads\/2024\/02\/Picsart_24-02-27_00-50-34-674-1068x561.jpg?v=1715379813 1068w, https:\/\/periodicolarepublica.com\/wp-content\/uploads\/2024\/02\/Picsart_24-02-27_00-50-34-674-1920x1008.jpg?v=1715379813 1920w\" sizes=\"auto, (max-width: 300px) 100vw, 300px\" \/><\/p>\n<p style=\"font-weight: 400;\"><strong>E<\/strong>l ministro de Turismo, David Collado, acompa\u00f1ado de la Primera Dama, Raquel Arbaje, entreg\u00f3 este lunes completamente restaurada la hist\u00f3rica Puerta de la Misericordia, en la Ciudad Colonial, con una inversi\u00f3n superior a los 17 millones de pesos.<\/p>\n<p style=\"font-weight: 400;\">La intervenci\u00f3n consisti\u00f3 en la restauraci\u00f3n de la muralla de piedra, limpieza y saneamiento de los paramentos de muro, reposici\u00f3n del recubrimiento de los muros, recuperaci\u00f3n, ampliaci\u00f3n y adecuaci\u00f3n de los andenes.<\/p>\n<p style=\"font-weight: 400;\">Tambi\u00e9n el remozamiento de las \u00e1reas de jardiner\u00eda, recuperaci\u00f3n de los bancos de asientos, alumbrado el\u00e9ctrico y embellecimiento general de todo el entorno.<\/p>\n<p>La obra es parte de las intervenciones que realiza en MITUR en<strong>\u00a0<\/strong>la hist\u00f3rica Ciudad Colonial.<\/p>\n","protected":false},"excerpt":{"rendered":"<p>El ministro de Turismo, David Collado, acompa\u00f1ado de la Primera Dama, Raquel Arbaje, entreg\u00f3 este lunes completamente restaurada la hist\u00f3rica Puerta de la Misericordia, en la Ciudad Colonial, con una inversi\u00f3n superior a los 17 millones de pesos. La intervenci\u00f3n consisti\u00f3 en la restauraci\u00f3n de la muralla de piedra, limpieza y saneamiento de los paramentos [&hellip;]<\/p>\n","protected":false},"author":1,"featured_media":430,"comment_status":"open","ping_status":"open","sticky":false,"template":"","format":"standard","meta":{"om_disable_all_campaigns":false,"_monsterinsights_skip_tracking":false,"_monsterinsights_sitenote_active":false,"_monsterinsights_sitenote_note":"","_monsterinsights_sitenote_category":0,"footnotes":""},"categories":[20],"tags":[30],"class_list":{"0":"post-427","1":"post","2":"type-post","3":"status-publish","4":"format-standard","5":"has-post-thumbnail","7":"category-turismo","8":"tag-david-collado"},"aioseo_notices":[],"_links":{"self":[{"href":"https:\/\/periodicolarepublica.com\/index.php\/wp-json\/wp\/v2\/posts\/427","targetHints":{"allow":["GET"]}}],"collection":[{"href":"https:\/\/periodicolarepublica.com\/index.php\/wp-json\/wp\/v2\/posts"}],"about":[{"href":"https:\/\/periodicolarepublica.com\/index.php\/wp-json\/wp\/v2\/types\/post"}],"author":[{"embeddable":true,"href":"https:\/\/periodicolarepublica.com\/index.php\/wp-json\/wp\/v2\/users\/1"}],"replies":[{"embeddable":true,"href":"https:\/\/periodicolarepublica.com\/index.php\/wp-json\/wp\/v2\/comments?post=427"}],"version-history":[{"count":1,"href":"https:\/\/periodicolarepublica.com\/index.php\/wp-json\/wp\/v2\/posts\/427\/revisions"}],"predecessor-version":[{"id":431,"href":"https:\/\/periodicolarepublica.com\/index.php\/wp-json\/wp\/v2\/posts\/427\/revisions\/431"}],"wp:featuredmedia":[{"embeddable":true,"href":"https:\/\/periodicolarepublica.com\/index.php\/wp-json\/wp\/v2\/media\/430"}],"wp:attachment":[{"href":"https:\/\/periodicolarepublica.com\/index.php\/wp-json\/wp\/v2\/media?parent=427"}],"wp:term":[{"taxonomy":"category","embeddable":true,"href":"https:\/\/periodicolarepublica.com\/index.php\/wp-json\/wp\/v2\/categories?post=427"},{"taxonomy":"post_tag","embeddable":true,"href":"https:\/\/periodicolarepublica.com\/index.php\/wp-json\/wp\/v2\/tags?post=427"}],"curies":[{"name":"wp","href":"https:\/\/api.w.org\/{rel}","templated":true}]}}