{"id":4271,"date":"2025-10-29T11:58:50","date_gmt":"2025-10-29T15:58:50","guid":{"rendered":"https:\/\/periodicolarepublica.com\/?p=4271"},"modified":"2025-10-29T11:58:50","modified_gmt":"2025-10-29T15:58:50","slug":"doctor-mario-lama-recibe-medalla-al-merito-policial-2025-por-aportes-al-sistema-de-salud","status":"publish","type":"post","link":"https:\/\/periodicolarepublica.com\/index.php\/2025\/10\/29\/doctor-mario-lama-recibe-medalla-al-merito-policial-2025-por-aportes-al-sistema-de-salud\/","title":{"rendered":"Doctor Mario Lama recibe Medalla al M\u00e9rito Policial 2025 por aportes al sistema de salud"},"content":{"rendered":"<p>El director ejecutivo del Servicio Nacional de Salud (SNS), doctor Mario Lama, fue reconocido con la Medalla al M\u00e9rito Policial 2025, Distintivo Verde, otorgado a personalidades e instituciones que han contribuido con el desarrollo institucional y social del pa\u00eds, en un acto celebrado por la Polic\u00eda Nacional en conmemoraci\u00f3n del D\u00eda de San Judas Tadeo, patr\u00f3n de la instituci\u00f3n.<\/p>\n<p>El galard\u00f3n fue entregado por sus aportes al fortalecimiento del sistema de salud, liderazgo para impulsar pol\u00edticas de acceso equitativo a la atenci\u00f3n sanita y su colaboraci\u00f3n en favor de la seguridad ciudadana, a trav\u00e9s del trabajo conjunto entre el SNS y la Polic\u00eda Nacional para garantizar una atenci\u00f3n m\u00e9dica oportuna y de calidad a los agentes policiales y a la poblaci\u00f3n en general.<\/p>\n<p>La ceremonia realizada en el auditorio del Instituto Policial de Educaci\u00f3n Superior (IPES), fue encabezada por la vicepresidenta Raquel Pe\u00f1a, quien recibi\u00f3 en representaci\u00f3n del primer mandatario de la naci\u00f3n, Luis Abinader, la Medalla al M\u00e9rito Policial con Distintivo Verde. Estuvo acompa\u00f1ada de Faride Raful, ministra de Interior y Polic\u00eda; teniente general Carlos Antonio Fern\u00e1ndez Onofre, ministro de Defensa y el mayor general Ram\u00f3n Antonio Guzm\u00e1n Peralta, director general de la Polic\u00eda Nacional.<\/p>\n<p><img loading=\"lazy\" decoding=\"async\" class=\"alignnone size-medium wp-image-3101\" src=\"https:\/\/periodicolarepublica.com\/wp-content\/uploads\/2025\/04\/25da67824c9f1869e8ef3eacb5d2ced0_XL-1-300x137.jpg\" alt=\"\" width=\"300\" height=\"137\" srcset=\"https:\/\/periodicolarepublica.com\/wp-content\/uploads\/2025\/04\/25da67824c9f1869e8ef3eacb5d2ced0_XL-1-300x137.jpg 300w, https:\/\/periodicolarepublica.com\/wp-content\/uploads\/2025\/04\/25da67824c9f1869e8ef3eacb5d2ced0_XL-1-768x351.jpg 768w, https:\/\/periodicolarepublica.com\/wp-content\/uploads\/2025\/04\/25da67824c9f1869e8ef3eacb5d2ced0_XL-1-150x69.jpg 150w, https:\/\/periodicolarepublica.com\/wp-content\/uploads\/2025\/04\/25da67824c9f1869e8ef3eacb5d2ced0_XL-1-600x274.jpg 600w, https:\/\/periodicolarepublica.com\/wp-content\/uploads\/2025\/04\/25da67824c9f1869e8ef3eacb5d2ced0_XL-1-696x318.jpg 696w, https:\/\/periodicolarepublica.com\/wp-content\/uploads\/2025\/04\/25da67824c9f1869e8ef3eacb5d2ced0_XL-1.jpg 900w\" sizes=\"auto, (max-width: 300px) 100vw, 300px\" \/><\/p>\n","protected":false},"excerpt":{"rendered":"<p>El director ejecutivo del Servicio Nacional de Salud (SNS), doctor Mario Lama, fue reconocido con la Medalla al M\u00e9rito Policial 2025, Distintivo Verde, otorgado a personalidades e instituciones que han contribuido con el desarrollo institucional y social del pa\u00eds, en un acto celebrado por la Polic\u00eda Nacional en conmemoraci\u00f3n del D\u00eda de San Judas Tadeo, [&hellip;]<\/p>\n","protected":false},"author":6,"featured_media":3101,"comment_status":"open","ping_status":"open","sticky":false,"template":"","format":"standard","meta":{"om_disable_all_campaigns":false,"_monsterinsights_skip_tracking":false,"_monsterinsights_sitenote_active":false,"_monsterinsights_sitenote_note":"","_monsterinsights_sitenote_category":0,"footnotes":""},"categories":[1],"tags":[],"class_list":{"0":"post-4271","1":"post","2":"type-post","3":"status-publish","4":"format-standard","5":"has-post-thumbnail","7":"category-nacionales"},"aioseo_notices":[],"_links":{"self":[{"href":"https:\/\/periodicolarepublica.com\/index.php\/wp-json\/wp\/v2\/posts\/4271","targetHints":{"allow":["GET"]}}],"collection":[{"href":"https:\/\/periodicolarepublica.com\/index.php\/wp-json\/wp\/v2\/posts"}],"about":[{"href":"https:\/\/periodicolarepublica.com\/index.php\/wp-json\/wp\/v2\/types\/post"}],"author":[{"embeddable":true,"href":"https:\/\/periodicolarepublica.com\/index.php\/wp-json\/wp\/v2\/users\/6"}],"replies":[{"embeddable":true,"href":"https:\/\/periodicolarepublica.com\/index.php\/wp-json\/wp\/v2\/comments?post=4271"}],"version-history":[{"count":1,"href":"https:\/\/periodicolarepublica.com\/index.php\/wp-json\/wp\/v2\/posts\/4271\/revisions"}],"predecessor-version":[{"id":4272,"href":"https:\/\/periodicolarepublica.com\/index.php\/wp-json\/wp\/v2\/posts\/4271\/revisions\/4272"}],"wp:featuredmedia":[{"embeddable":true,"href":"https:\/\/periodicolarepublica.com\/index.php\/wp-json\/wp\/v2\/media\/3101"}],"wp:attachment":[{"href":"https:\/\/periodicolarepublica.com\/index.php\/wp-json\/wp\/v2\/media?parent=4271"}],"wp:term":[{"taxonomy":"category","embeddable":true,"href":"https:\/\/periodicolarepublica.com\/index.php\/wp-json\/wp\/v2\/categories?post=4271"},{"taxonomy":"post_tag","embeddable":true,"href":"https:\/\/periodicolarepublica.com\/index.php\/wp-json\/wp\/v2\/tags?post=4271"}],"curies":[{"name":"wp","href":"https:\/\/api.w.org\/{rel}","templated":true}]}}