{"id":4273,"date":"2025-10-30T18:04:04","date_gmt":"2025-10-30T22:04:04","guid":{"rendered":"https:\/\/periodicolarepublica.com\/?p=4273"},"modified":"2025-10-30T18:21:09","modified_gmt":"2025-10-30T22:21:09","slug":"tomas-hernandez-alberto-destaca-crecimiento-del-prm-y-la-rapida-respuesta-del-presidente-abinader-ante-la-tormenta-melissa","status":"publish","type":"post","link":"https:\/\/periodicolarepublica.com\/index.php\/2025\/10\/30\/tomas-hernandez-alberto-destaca-crecimiento-del-prm-y-la-rapida-respuesta-del-presidente-abinader-ante-la-tormenta-melissa\/","title":{"rendered":"Tom\u00e1s Hern\u00e1ndez Alberto destaca crecimiento del PRM y la r\u00e1pida respuesta del presidente Abinader ante la tormenta Melissa"},"content":{"rendered":"<p>Santo Domingo. \u2013 El dirigente pol\u00edtico Tom\u00e1s Hern\u00e1ndez Alberto afirm\u00f3 durante su m\u00e1s reciente entrevista en el programa La Rep\u00fablica TV, transmitido por El Nuevo Diario TV, que las encuestas publicadas recientemente no reflejan la realidad del respaldo que tiene el Partido Revolucionario Moderno (PRM) a nivel nacional.<\/p>\n<p>&nbsp;<\/p>\n<p>Hern\u00e1ndez Alberto explic\u00f3 que, aunque una medici\u00f3n coloca al PRM con un 31.2%, al PLD con 25.5% y a la Fuerza del Pueblo con 23.5%, los estudios que demuestra cifras muy distintas. \u201cLas encuestas son percepciones. Las que nosotros manejamos reflejan que el PRM se encuentra hoy en torno al 47.5%, y contin\u00faa en crecimiento gracias al proceso de verificaci\u00f3n e inscripci\u00f3n de nuevos miembros que fortalece la estructura partidaria\u201d, sostuvo.<\/p>\n<p>&nbsp;<\/p>\n<p>El dirigente record\u00f3 que el PRM mantiene una profunda conexi\u00f3n con la ciudadan\u00eda, heredera del legado del l\u00edder Jos\u00e9 Francisco Pe\u00f1a G\u00f3mez. \u201cEl pueblo sabe que si hay un partido cercano a la gente, ese es el PRM. Pe\u00f1a G\u00f3mez nos ense\u00f1\u00f3 a estar siempre con el pueblo y su gente\u201d, expres\u00f3.<\/p>\n<p>&nbsp;<\/p>\n<p>Durante la entrevista, Hern\u00e1ndez Alberto tambi\u00e9n destac\u00f3 la r\u00e1pida y efectiva respuesta del presidente Luis Abinader ante los efectos de la tormenta Melissa, subrayando que su liderazgo ha sido clave en momentos dif\u00edciles. \u201cDesde el primer d\u00eda, el presidente estuvo al tanto de todo. Las ayudas llegaron a las comunidades afectadas y siguen llegando, porque este gobierno trabaja d\u00eda a d\u00eda por su pueblo, no solo en momentos de emergencia\u201d, puntualiz\u00f3.<\/p>\n<p>&nbsp;<\/p>\n<p>Finalmente, consider\u00f3 que la oposici\u00f3n pol\u00edtica \u201cse encuentra desubicada\u201d frente a la din\u00e1mica gesti\u00f3n del mandatario. \u201cEl trabajo, la cercan\u00eda y la transparencia del presidente Abinader han generado desesperaci\u00f3n en sus adversarios, porque la gente sabe qui\u00e9n realmente est\u00e1 al lado del pueblo\u201d, concluy\u00f3 Hern\u00e1ndez Alberto.<img loading=\"lazy\" decoding=\"async\" class=\"size-medium wp-image-4274 alignright\" src=\"https:\/\/periodicolarepublica.com\/wp-content\/uploads\/2025\/10\/IMG_20251017_125231-242x300.jpg\" alt=\"\" width=\"242\" height=\"300\" srcset=\"https:\/\/periodicolarepublica.com\/wp-content\/uploads\/2025\/10\/IMG_20251017_125231-242x300.jpg?v=1761861808 242w, https:\/\/periodicolarepublica.com\/wp-content\/uploads\/2025\/10\/IMG_20251017_125231-825x1024.jpg?v=1761861808 825w, https:\/\/periodicolarepublica.com\/wp-content\/uploads\/2025\/10\/IMG_20251017_125231-768x953.jpg?v=1761861808 768w, https:\/\/periodicolarepublica.com\/wp-content\/uploads\/2025\/10\/IMG_20251017_125231-1238x1536.jpg?v=1761861808 1238w, https:\/\/periodicolarepublica.com\/wp-content\/uploads\/2025\/10\/IMG_20251017_125231-150x186.jpg?v=1761861808 150w, https:\/\/periodicolarepublica.com\/wp-content\/uploads\/2025\/10\/IMG_20251017_125231-300x372.jpg?v=1761861808 300w, https:\/\/periodicolarepublica.com\/wp-content\/uploads\/2025\/10\/IMG_20251017_125231-600x745.jpg?v=1761861808 600w, https:\/\/periodicolarepublica.com\/wp-content\/uploads\/2025\/10\/IMG_20251017_125231-324x400.jpg?v=1761861808 324w, https:\/\/periodicolarepublica.com\/wp-content\/uploads\/2025\/10\/IMG_20251017_125231-648x800.jpg?v=1761861808 648w, https:\/\/periodicolarepublica.com\/wp-content\/uploads\/2025\/10\/IMG_20251017_125231-696x864.jpg?v=1761861808 696w, https:\/\/periodicolarepublica.com\/wp-content\/uploads\/2025\/10\/IMG_20251017_125231-1392x1728.jpg?v=1761861808 1392w, https:\/\/periodicolarepublica.com\/wp-content\/uploads\/2025\/10\/IMG_20251017_125231-1068x1326.jpg?v=1761861808 1068w, https:\/\/periodicolarepublica.com\/wp-content\/uploads\/2025\/10\/IMG_20251017_125231.jpg?v=1761861808 1650w\" sizes=\"auto, (max-width: 242px) 100vw, 242px\" \/><\/p>\n","protected":false},"excerpt":{"rendered":"<p>Santo Domingo. \u2013 El dirigente pol\u00edtico Tom\u00e1s Hern\u00e1ndez Alberto afirm\u00f3 durante su m\u00e1s reciente entrevista en el programa La Rep\u00fablica TV, transmitido por El Nuevo Diario TV, que las encuestas publicadas recientemente no reflejan la realidad del respaldo que tiene el Partido Revolucionario Moderno (PRM) a nivel nacional. &nbsp; Hern\u00e1ndez Alberto explic\u00f3 que, aunque una [&hellip;]<\/p>\n","protected":false},"author":10,"featured_media":4274,"comment_status":"open","ping_status":"open","sticky":false,"template":"","format":"standard","meta":{"om_disable_all_campaigns":false,"_monsterinsights_skip_tracking":false,"_monsterinsights_sitenote_active":false,"_monsterinsights_sitenote_note":"","_monsterinsights_sitenote_category":0,"footnotes":""},"categories":[1],"tags":[163],"class_list":{"0":"post-4273","1":"post","2":"type-post","3":"status-publish","4":"format-standard","5":"has-post-thumbnail","7":"category-nacionales","8":"tag-tomas-hernandez-alberto"},"aioseo_notices":[],"_links":{"self":[{"href":"https:\/\/periodicolarepublica.com\/index.php\/wp-json\/wp\/v2\/posts\/4273","targetHints":{"allow":["GET"]}}],"collection":[{"href":"https:\/\/periodicolarepublica.com\/index.php\/wp-json\/wp\/v2\/posts"}],"about":[{"href":"https:\/\/periodicolarepublica.com\/index.php\/wp-json\/wp\/v2\/types\/post"}],"author":[{"embeddable":true,"href":"https:\/\/periodicolarepublica.com\/index.php\/wp-json\/wp\/v2\/users\/10"}],"replies":[{"embeddable":true,"href":"https:\/\/periodicolarepublica.com\/index.php\/wp-json\/wp\/v2\/comments?post=4273"}],"version-history":[{"count":4,"href":"https:\/\/periodicolarepublica.com\/index.php\/wp-json\/wp\/v2\/posts\/4273\/revisions"}],"predecessor-version":[{"id":4278,"href":"https:\/\/periodicolarepublica.com\/index.php\/wp-json\/wp\/v2\/posts\/4273\/revisions\/4278"}],"wp:featuredmedia":[{"embeddable":true,"href":"https:\/\/periodicolarepublica.com\/index.php\/wp-json\/wp\/v2\/media\/4274"}],"wp:attachment":[{"href":"https:\/\/periodicolarepublica.com\/index.php\/wp-json\/wp\/v2\/media?parent=4273"}],"wp:term":[{"taxonomy":"category","embeddable":true,"href":"https:\/\/periodicolarepublica.com\/index.php\/wp-json\/wp\/v2\/categories?post=4273"},{"taxonomy":"post_tag","embeddable":true,"href":"https:\/\/periodicolarepublica.com\/index.php\/wp-json\/wp\/v2\/tags?post=4273"}],"curies":[{"name":"wp","href":"https:\/\/api.w.org\/{rel}","templated":true}]}}