{"id":4280,"date":"2025-11-01T07:58:52","date_gmt":"2025-11-01T11:58:52","guid":{"rendered":"https:\/\/periodicolarepublica.com\/?p=4280"},"modified":"2025-11-01T07:58:52","modified_gmt":"2025-11-01T11:58:52","slug":"banco-popular-encabeza-el-ranking-de-merco-de-empresas-con-mejor-reputacion-por-tercer-ano-consecutivo","status":"publish","type":"post","link":"https:\/\/periodicolarepublica.com\/index.php\/2025\/11\/01\/banco-popular-encabeza-el-ranking-de-merco-de-empresas-con-mejor-reputacion-por-tercer-ano-consecutivo\/","title":{"rendered":"Banco Popular encabeza el ranking de Merco de empresas con mejor reputaci\u00f3n por tercer a\u00f1o consecutivo"},"content":{"rendered":"<p>El Banco Popular Dominicano fue reconocido como la empresa con mejor reputaci\u00f3n de la Rep\u00fablica Dominicana por tercer a\u00f1o consecutivo, al alcanzar la puntuaci\u00f3n m\u00e1xima de 10,000 puntos en el ranking Merco Empresas 2025 (Monitor Empresarial de Reputaci\u00f3n Corporativa), realizado entre las 100 mejores empresas del pa\u00eds evaluadas en esta edici\u00f3n del estudio.<\/p>\n<p>Adem\u00e1s, fue distinguido con la mejor reputaci\u00f3n del sector bancario y mantiene el liderazgo en el ranking ESG (ambiental, social y de gobernanza), reflejo de su compromiso constante con el desarrollo sostenible, la \u00e9tica corporativa y la inclusi\u00f3n financiera.<\/p>\n<p>Tambi\u00e9n recibi\u00f3 el reconocimiento de los periodistas econ\u00f3micos como la empresa dominicana que cuenta con el mejor equipo de comunicaci\u00f3n del pa\u00eds, destacando con ello el desempe\u00f1o sobresaliente de su Vicepresidencia Ejecutiva de Comunicaciones Corporativas, Reputaci\u00f3n y Banca Responsable en la gesti\u00f3n estrat\u00e9gica intangibles, la relaci\u00f3n con los medios y su rol en la construcci\u00f3n de confianza p\u00fablica.<\/p>\n<p>En este sentido, el se\u00f1or Jos\u00e9 M\u00e1rmol, vicepresidente ejecutivo de Comunicaciones Corporativas, Reputaci\u00f3n y Banca Responsable, agradeci\u00f3 a todos los grupos de inter\u00e9s aliados y a la sociedad en general por estas distinciones y expres\u00f3 su satisfacci\u00f3n por los reconocimientos, porque \u201cponen en valor el trabajo de todos los equipos y colaboradores de esta vicepresidencia ejecutiva y el respaldo obtenido de las Presidencias Ejecutivas de Banco Popular Dominicano, Grupo Popular y empresas filiales para hacerlo posible\u201d<\/p>\n<p><img loading=\"lazy\" decoding=\"async\" class=\"alignnone size-medium wp-image-3090 alignleft\" src=\"https:\/\/periodicolarepublica.com\/wp-content\/uploads\/2025\/04\/bpd250x250-300x158.jpg\" alt=\"\" width=\"300\" height=\"158\" srcset=\"https:\/\/periodicolarepublica.com\/wp-content\/uploads\/2025\/04\/bpd250x250-300x158.jpg 300w, https:\/\/periodicolarepublica.com\/wp-content\/uploads\/2025\/04\/bpd250x250-1024x538.jpg 1024w, https:\/\/periodicolarepublica.com\/wp-content\/uploads\/2025\/04\/bpd250x250-768x403.jpg 768w, https:\/\/periodicolarepublica.com\/wp-content\/uploads\/2025\/04\/bpd250x250-150x79.jpg 150w, https:\/\/periodicolarepublica.com\/wp-content\/uploads\/2025\/04\/bpd250x250-600x315.jpg 600w, https:\/\/periodicolarepublica.com\/wp-content\/uploads\/2025\/04\/bpd250x250-696x365.jpg 696w, https:\/\/periodicolarepublica.com\/wp-content\/uploads\/2025\/04\/bpd250x250-1068x561.jpg 1068w, https:\/\/periodicolarepublica.com\/wp-content\/uploads\/2025\/04\/bpd250x250.jpg 1200w\" sizes=\"auto, (max-width: 300px) 100vw, 300px\" \/><\/p>\n","protected":false},"excerpt":{"rendered":"<p>El Banco Popular Dominicano fue reconocido como la empresa con mejor reputaci\u00f3n de la Rep\u00fablica Dominicana por tercer a\u00f1o consecutivo, al alcanzar la puntuaci\u00f3n m\u00e1xima de 10,000 puntos en el ranking Merco Empresas 2025 (Monitor Empresarial de Reputaci\u00f3n Corporativa), realizado entre las 100 mejores empresas del pa\u00eds evaluadas en esta edici\u00f3n del estudio. Adem\u00e1s, fue [&hellip;]<\/p>\n","protected":false},"author":6,"featured_media":3090,"comment_status":"open","ping_status":"open","sticky":false,"template":"","format":"standard","meta":{"om_disable_all_campaigns":false,"_monsterinsights_skip_tracking":false,"_monsterinsights_sitenote_active":false,"_monsterinsights_sitenote_note":"","_monsterinsights_sitenote_category":0,"footnotes":""},"categories":[33,1],"tags":[36,39],"class_list":{"0":"post-4280","1":"post","2":"type-post","3":"status-publish","4":"format-standard","5":"has-post-thumbnail","7":"category-canal-financiero","8":"category-nacionales","9":"tag-banco-popular","10":"tag-popular-en-linea"},"aioseo_notices":[],"_links":{"self":[{"href":"https:\/\/periodicolarepublica.com\/index.php\/wp-json\/wp\/v2\/posts\/4280","targetHints":{"allow":["GET"]}}],"collection":[{"href":"https:\/\/periodicolarepublica.com\/index.php\/wp-json\/wp\/v2\/posts"}],"about":[{"href":"https:\/\/periodicolarepublica.com\/index.php\/wp-json\/wp\/v2\/types\/post"}],"author":[{"embeddable":true,"href":"https:\/\/periodicolarepublica.com\/index.php\/wp-json\/wp\/v2\/users\/6"}],"replies":[{"embeddable":true,"href":"https:\/\/periodicolarepublica.com\/index.php\/wp-json\/wp\/v2\/comments?post=4280"}],"version-history":[{"count":1,"href":"https:\/\/periodicolarepublica.com\/index.php\/wp-json\/wp\/v2\/posts\/4280\/revisions"}],"predecessor-version":[{"id":4281,"href":"https:\/\/periodicolarepublica.com\/index.php\/wp-json\/wp\/v2\/posts\/4280\/revisions\/4281"}],"wp:featuredmedia":[{"embeddable":true,"href":"https:\/\/periodicolarepublica.com\/index.php\/wp-json\/wp\/v2\/media\/3090"}],"wp:attachment":[{"href":"https:\/\/periodicolarepublica.com\/index.php\/wp-json\/wp\/v2\/media?parent=4280"}],"wp:term":[{"taxonomy":"category","embeddable":true,"href":"https:\/\/periodicolarepublica.com\/index.php\/wp-json\/wp\/v2\/categories?post=4280"},{"taxonomy":"post_tag","embeddable":true,"href":"https:\/\/periodicolarepublica.com\/index.php\/wp-json\/wp\/v2\/tags?post=4280"}],"curies":[{"name":"wp","href":"https:\/\/api.w.org\/{rel}","templated":true}]}}