{"id":4283,"date":"2025-11-01T08:14:02","date_gmt":"2025-11-01T12:14:02","guid":{"rendered":"https:\/\/periodicolarepublica.com\/?p=4283"},"modified":"2025-11-01T08:14:02","modified_gmt":"2025-11-01T12:14:02","slug":"foro-empresarial-themag-next-2025-consolido-a-rd-como-referente-en-nuevas-formas-de-financiar-el-turismo","status":"publish","type":"post","link":"https:\/\/periodicolarepublica.com\/index.php\/2025\/11\/01\/foro-empresarial-themag-next-2025-consolido-a-rd-como-referente-en-nuevas-formas-de-financiar-el-turismo\/","title":{"rendered":"Foro Empresarial THEMAG NEXT 2025 consolid\u00f3 a RD como referente en nuevas formas de financiar el turismo"},"content":{"rendered":"<p>La tercera edici\u00f3n del Foro Empresarial THEMAG NEXT 2025, celebrada en el Royalton Punta Cana Resort &amp; Casino, reuni\u00f3 a las m\u00e1s destacadas figuras del mundo empresarial, financiero y tur\u00edstico nacional e internacional, consolid\u00e1ndose como la principal plataforma de di\u00e1logo sobre inversi\u00f3n y desarrollo sostenible del turismo dominicano.<\/p>\n<p>&nbsp;<\/p>\n<p>El evento cont\u00f3 con la presencia de expertos en banca y fideicomisos, inversionistas, ejecutivos de fondos de inversi\u00f3n, desarrolladores, constructores, directores generales de cadenas hoteleras, y representantes de asociaciones de hoteles de los principales destinos tur\u00edsticos del pa\u00eds.<\/p>\n<p>&nbsp;<\/p>\n<p>Durante su ponencia, Marcelo Gustavo Ballester, director general del Grupo de Medios Network Plus, destac\u00f3 el cambio que vive el turismo dominicano hacia una nueva matriz de inversi\u00f3n, impulsada por fondos, fideicomisos y alianzas p\u00fablico-privadas (APPs).<\/p>\n<p>\u201cEste nuevo modelo de financiamiento ha llegado para quedarse. Cada d\u00eda crece m\u00e1s, diversificando la forma en que se financian y desarrollan los proyectos tur\u00edsticos. Es el momento de que los hoteleros, desarrolladores y constructores aprovechen la disponibilidad de estos fondos para concretar sus proyectos y llevar el turismo dominicano a otro nivel\u201d, expres\u00f3 Ballester.<\/p>\n<p><img loading=\"lazy\" decoding=\"async\" class=\"alignnone size-medium wp-image-4284\" src=\"https:\/\/periodicolarepublica.com\/wp-content\/uploads\/2025\/11\/Aguie-Lendor-Zanoni-Severino-Noel-Bou-y-Eliardo-Cairo-e1761999198664-263x300.jpg\" alt=\"\" width=\"263\" height=\"300\" srcset=\"https:\/\/periodicolarepublica.com\/wp-content\/uploads\/2025\/11\/Aguie-Lendor-Zanoni-Severino-Noel-Bou-y-Eliardo-Cairo-e1761999198664-263x300.jpg 263w, https:\/\/periodicolarepublica.com\/wp-content\/uploads\/2025\/11\/Aguie-Lendor-Zanoni-Severino-Noel-Bou-y-Eliardo-Cairo-e1761999198664-150x171.jpg 150w, https:\/\/periodicolarepublica.com\/wp-content\/uploads\/2025\/11\/Aguie-Lendor-Zanoni-Severino-Noel-Bou-y-Eliardo-Cairo-e1761999198664-300x342.jpg 300w, https:\/\/periodicolarepublica.com\/wp-content\/uploads\/2025\/11\/Aguie-Lendor-Zanoni-Severino-Noel-Bou-y-Eliardo-Cairo-e1761999198664.jpg 418w\" sizes=\"auto, (max-width: 263px) 100vw, 263px\" \/><\/p>\n","protected":false},"excerpt":{"rendered":"<p>La tercera edici\u00f3n del Foro Empresarial THEMAG NEXT 2025, celebrada en el Royalton Punta Cana Resort &amp; Casino, reuni\u00f3 a las m\u00e1s destacadas figuras del mundo empresarial, financiero y tur\u00edstico nacional e internacional, consolid\u00e1ndose como la principal plataforma de di\u00e1logo sobre inversi\u00f3n y desarrollo sostenible del turismo dominicano. &nbsp; El evento cont\u00f3 con la presencia [&hellip;]<\/p>\n","protected":false},"author":6,"featured_media":4284,"comment_status":"open","ping_status":"open","sticky":false,"template":"","format":"standard","meta":{"om_disable_all_campaigns":false,"_monsterinsights_skip_tracking":false,"_monsterinsights_sitenote_active":false,"_monsterinsights_sitenote_note":"","_monsterinsights_sitenote_category":0,"footnotes":""},"categories":[1],"tags":[],"class_list":{"0":"post-4283","1":"post","2":"type-post","3":"status-publish","4":"format-standard","5":"has-post-thumbnail","7":"category-nacionales"},"aioseo_notices":[],"_links":{"self":[{"href":"https:\/\/periodicolarepublica.com\/index.php\/wp-json\/wp\/v2\/posts\/4283","targetHints":{"allow":["GET"]}}],"collection":[{"href":"https:\/\/periodicolarepublica.com\/index.php\/wp-json\/wp\/v2\/posts"}],"about":[{"href":"https:\/\/periodicolarepublica.com\/index.php\/wp-json\/wp\/v2\/types\/post"}],"author":[{"embeddable":true,"href":"https:\/\/periodicolarepublica.com\/index.php\/wp-json\/wp\/v2\/users\/6"}],"replies":[{"embeddable":true,"href":"https:\/\/periodicolarepublica.com\/index.php\/wp-json\/wp\/v2\/comments?post=4283"}],"version-history":[{"count":2,"href":"https:\/\/periodicolarepublica.com\/index.php\/wp-json\/wp\/v2\/posts\/4283\/revisions"}],"predecessor-version":[{"id":4286,"href":"https:\/\/periodicolarepublica.com\/index.php\/wp-json\/wp\/v2\/posts\/4283\/revisions\/4286"}],"wp:featuredmedia":[{"embeddable":true,"href":"https:\/\/periodicolarepublica.com\/index.php\/wp-json\/wp\/v2\/media\/4284"}],"wp:attachment":[{"href":"https:\/\/periodicolarepublica.com\/index.php\/wp-json\/wp\/v2\/media?parent=4283"}],"wp:term":[{"taxonomy":"category","embeddable":true,"href":"https:\/\/periodicolarepublica.com\/index.php\/wp-json\/wp\/v2\/categories?post=4283"},{"taxonomy":"post_tag","embeddable":true,"href":"https:\/\/periodicolarepublica.com\/index.php\/wp-json\/wp\/v2\/tags?post=4283"}],"curies":[{"name":"wp","href":"https:\/\/api.w.org\/{rel}","templated":true}]}}