{"id":4287,"date":"2025-11-01T08:27:52","date_gmt":"2025-11-01T12:27:52","guid":{"rendered":"https:\/\/periodicolarepublica.com\/?p=4287"},"modified":"2025-11-01T08:27:52","modified_gmt":"2025-11-01T12:27:52","slug":"dida-e-intec-realizaran-investigaciones-en-beneficio-de-los-afiliados-del-sistema-dominicano-de-seguridad-social","status":"publish","type":"post","link":"https:\/\/periodicolarepublica.com\/index.php\/2025\/11\/01\/dida-e-intec-realizaran-investigaciones-en-beneficio-de-los-afiliados-del-sistema-dominicano-de-seguridad-social\/","title":{"rendered":"DIDA e INTEC realizar\u00e1n investigaciones en beneficio de los afiliados del Sistema Dominicano de Seguridad Social"},"content":{"rendered":"<p>Este acuerdo tendr\u00e1 una vigencia de tres a\u00f1os y con el mismo se busca fortalecer los servicios del sistema.<\/p>\n<p>SANTO DOMINGO, R.D. La Direcci\u00f3n General de Informaci\u00f3n y Defensa de los Afiliados a la Seguridad Social (DIDA) y el Instituto Tecnol\u00f3gico de Santo Domingo (INTEC) firmaron un acuerdo para la realizaci\u00f3n de actividades conjuntas en las \u00e1reas de docencia, investigaci\u00f3n, formaci\u00f3n continua, extensi\u00f3n universitaria y desarrollo institucional, en beneficio del Sistema Dominicano de Seguridad Social y de la ciudadan\u00eda afiliada.<\/p>\n<p>El acuerdo fue firmado por el director de la DIDA, El\u00edas B\u00e1ez y por la rectora interina de Intec, Alliet Ortega Rabassa, en presencia de la directora de Promoci\u00f3n y Capacitaci\u00f3n de la DIDA, Julissa Magallanes y el coordinador de la Unidad de Investigaci\u00f3n en el \u00c1rea de Ciencias de la Salud del INTEC, Pedro Castellanos; quienes coordinar\u00e1n la ejecuci\u00f3n del mismo; as\u00ed como de otros colaboradores de ambas instituciones.<\/p>\n<p>El\u00edas B\u00e1ez, director de la DIDA, inform\u00f3 que los principales objetivos de dicho convenio son de fortalecer la producci\u00f3n e intercambio de las informaciones y conocimientos que contribuyan al fortalecimiento de la protecci\u00f3n social de los Derechos a la Salud y Previsi\u00f3n Social de las personas y familias afiliadas en el Sistema Dominicano de Seguridad Social; intercambiar informaciones en el marco de las disposiciones legales vigentes; desarrollar conjuntamente proyectos de investigaci\u00f3n y estudios, as\u00ed como de capacitaci\u00f3n y formaci\u00f3n sobre Seguridad Social, Protecci\u00f3n Social de los Derechos a la Salud y Previsi\u00f3n Social, el Sistema Dominicano de Seguridad Social y los Derechos de los Afiliados y otras iniciativas que sean de inter\u00e9s para ambas partes.<\/p>\n<p>&nbsp;<\/p>\n<p>B\u00e1ez indic\u00f3 que ambas entidades se comprometieron al desarrollo conjunto de programas acad\u00e9micos de grado, postgrado y formaci\u00f3n continua, as\u00ed como investigaci\u00f3n y en el marco de la extensi\u00f3n, responsabilidad social, y otras actividades que contribuyan al fomento y desarrollo de las relaciones de cooperaci\u00f3n, lo que calific\u00f3 como muy importante.<\/p>\n<p>&nbsp;<\/p>\n<p>Mientras que Alliet Ortega, rectora interina de INTEC, se\u00f1al\u00f3 que la educaci\u00f3n y la investigaci\u00f3n son pilares indispensables para consolidar un sistema de seguridad social fortalecido, justo y sostenible.<\/p>\n<p>&nbsp;<\/p>\n<p>\u201cDesde el INTEC asumimos este compromiso con plena convicci\u00f3n: generar conocimiento riguroso, formar profesionales con sentido \u00e9tico y contribuir con investigaciones que orienten en la toma de decisiones p\u00fablicas. En un pa\u00eds que avanza hacia mayores niveles de desarrollo, es urgente educar a la ciudadan\u00eda en el conocimiento y ejercicio de sus derechos, porque la verdadera protecci\u00f3n social no se logra s\u00f3lo con leyes, sino con personas informadas, empoderadas y conscientes de su papel dentro del sistema, fue un argumento que comparti\u00f3 Ortega durante su intervenci\u00f3n\u201d, expres\u00f3 Ortega.<\/p>\n<p>&nbsp;<\/p>\n<p>Otros de los compromisos asumidos entre las partes es el de Intercambiar informaciones, bajo el marco legal permitido por la ley 200-04, de Libre Acceso a la Informaci\u00f3n P\u00fablica, a los fines de ejecutar los proyectos, formular y ejecutar proyectos e investigaciones conjuntos de inter\u00e9s com\u00fan, basados en el presente ACUERDO, que sean previamente consensuados entre ambas partes firmantes.<\/p>\n<p>&nbsp;<\/p>\n<p>INTEC y la DIDA garantizar\u00e1n la confidencialidad sobre los datos e informaciones intercambiadas para los fines de este acuerdo, divulgando solo los datos previamente acordados y autorizados entre ambas partes, dar el cr\u00e9dito a las partes firmantes en cualquier publicaci\u00f3n que resulte de los estudios e investigaciones realizadas, brindar colaboraci\u00f3n mutua en la realizaci\u00f3n de actividades curriculares y extracurriculares en la universidad como apoyo a la formaci\u00f3n acad\u00e9mica, tales como: Maestr\u00edas, Estudios de Postgrado, Jornadas Cient\u00edficas, Actividades Sociales y Comunitarias, Ferias, Charlas, Congresos, Conferencias, Diplomados, Cursos y Talleres.<\/p>\n<p>&nbsp;<\/p>\n<p>Ambas instituciones tambi\u00e9n pactaron promover el intercambio por tiempo limitado de estudiantes, profesores e investigadores, compartir informaci\u00f3n y materiales de docencia e investigaci\u00f3n disponibles, bajo los lineamientos de cada instituci\u00f3n, ccolaborar en cuantas otras actividades sean consideradas de inter\u00e9s mutuo, dentro de las disponibilidades de las partes y de las actividades que constituyen el objeto del presente acuerdo.<\/p>\n<p>&nbsp;<\/p>\n<p>El presente acuerdo tendr\u00e1 una vigencia de tres (3) a\u00f1os a partir de la firma realizada este lunes 27 de octubre del 2025 y ser\u00e1 renovado autom\u00e1ticamente por un periodo similar, salvo que una de las partes comunique, con al menos, dos meses de antelaci\u00f3n, su inter\u00e9s de darlo por concluido.<\/p>\n<p>&nbsp;<\/p>\n<p>Ambas entidades designaron una Comisi\u00f3n Mixta responsable de la coordinaci\u00f3n, el desarrollo y seguimiento del presente convenio que elaborar\u00e1 y ejecutar\u00e1 planes anuales de trabajo, evaluar\u00e1 y aprobar\u00e1 las propuestas de proyectos que sean planteados por alguna de las partes y presentar\u00e1n los informes de avance anuales o con la frecuencia que sea establecida.<\/p>\n<p><img loading=\"lazy\" decoding=\"async\" class=\"alignnone size-full wp-image-4018\" src=\"https:\/\/periodicolarepublica.com\/wp-content\/uploads\/2025\/09\/DIDA.png\" alt=\"\" width=\"190\" height=\"189\" srcset=\"https:\/\/periodicolarepublica.com\/wp-content\/uploads\/2025\/09\/DIDA.png 190w, https:\/\/periodicolarepublica.com\/wp-content\/uploads\/2025\/09\/DIDA-150x149.png 150w\" sizes=\"auto, (max-width: 190px) 100vw, 190px\" \/><\/p>\n","protected":false},"excerpt":{"rendered":"<p>Este acuerdo tendr\u00e1 una vigencia de tres a\u00f1os y con el mismo se busca fortalecer los servicios del sistema. SANTO DOMINGO, R.D. La Direcci\u00f3n General de Informaci\u00f3n y Defensa de los Afiliados a la Seguridad Social (DIDA) y el Instituto Tecnol\u00f3gico de Santo Domingo (INTEC) firmaron un acuerdo para la realizaci\u00f3n de actividades conjuntas en [&hellip;]<\/p>\n","protected":false},"author":6,"featured_media":4018,"comment_status":"open","ping_status":"open","sticky":false,"template":"","format":"standard","meta":{"om_disable_all_campaigns":false,"_monsterinsights_skip_tracking":false,"_monsterinsights_sitenote_active":false,"_monsterinsights_sitenote_note":"","_monsterinsights_sitenote_category":0,"footnotes":""},"categories":[1],"tags":[],"class_list":{"0":"post-4287","1":"post","2":"type-post","3":"status-publish","4":"format-standard","5":"has-post-thumbnail","7":"category-nacionales"},"aioseo_notices":[],"_links":{"self":[{"href":"https:\/\/periodicolarepublica.com\/index.php\/wp-json\/wp\/v2\/posts\/4287","targetHints":{"allow":["GET"]}}],"collection":[{"href":"https:\/\/periodicolarepublica.com\/index.php\/wp-json\/wp\/v2\/posts"}],"about":[{"href":"https:\/\/periodicolarepublica.com\/index.php\/wp-json\/wp\/v2\/types\/post"}],"author":[{"embeddable":true,"href":"https:\/\/periodicolarepublica.com\/index.php\/wp-json\/wp\/v2\/users\/6"}],"replies":[{"embeddable":true,"href":"https:\/\/periodicolarepublica.com\/index.php\/wp-json\/wp\/v2\/comments?post=4287"}],"version-history":[{"count":1,"href":"https:\/\/periodicolarepublica.com\/index.php\/wp-json\/wp\/v2\/posts\/4287\/revisions"}],"predecessor-version":[{"id":4288,"href":"https:\/\/periodicolarepublica.com\/index.php\/wp-json\/wp\/v2\/posts\/4287\/revisions\/4288"}],"wp:featuredmedia":[{"embeddable":true,"href":"https:\/\/periodicolarepublica.com\/index.php\/wp-json\/wp\/v2\/media\/4018"}],"wp:attachment":[{"href":"https:\/\/periodicolarepublica.com\/index.php\/wp-json\/wp\/v2\/media?parent=4287"}],"wp:term":[{"taxonomy":"category","embeddable":true,"href":"https:\/\/periodicolarepublica.com\/index.php\/wp-json\/wp\/v2\/categories?post=4287"},{"taxonomy":"post_tag","embeddable":true,"href":"https:\/\/periodicolarepublica.com\/index.php\/wp-json\/wp\/v2\/tags?post=4287"}],"curies":[{"name":"wp","href":"https:\/\/api.w.org\/{rel}","templated":true}]}}