{"id":4289,"date":"2025-11-01T08:33:27","date_gmt":"2025-11-01T12:33:27","guid":{"rendered":"https:\/\/periodicolarepublica.com\/?p=4289"},"modified":"2025-11-01T08:33:27","modified_gmt":"2025-11-01T12:33:27","slug":"leonardo-aguilera-informa-que-cartera-de-prestamos-de-banreservas-supera-los-rd631321-millones","status":"publish","type":"post","link":"https:\/\/periodicolarepublica.com\/index.php\/2025\/11\/01\/leonardo-aguilera-informa-que-cartera-de-prestamos-de-banreservas-supera-los-rd631321-millones\/","title":{"rendered":"Leonardo Aguilera informa que cartera de pr\u00e9stamos de\u00a0Banreservas supera los RD$631,321 millones\u00a0"},"content":{"rendered":"<p>Dice que los activos del Banco aumentaron RD$143,997.3 millones al cierre de septiembre para situarse en RD$1,352,841.6 millones<\/p>\n<p>El presidente ejecutivo de Banreservas, doctor Leonardo Aguilera, inform\u00f3 este viernes que la cartera de pr\u00e9stamos de la instituci\u00f3n financiera supera los RD$631,321 millones, al cierre de septiembre 2025 para un aumento de RD$67,657.4 millones en comparaci\u00f3n al mismo periodo del 2024.<\/p>\n<p>Al hablar en la misa del 84 aniversario del Banco de Reservas oficiada en la Catedral Primada de Am\u00e9rica, Aguilera tambi\u00e9n destac\u00f3 que los activos del Banco se elevaron a RD$1,352,841.6 millones, cifra superior en RD$143,997.3 millones, equivalente a un 11.9%, respecto a septiembre del pasado a\u00f1o.<\/p>\n<p>\u201cCon este aumento, los cr\u00e9ditos al sector privado ascendieron a RD$595,795 millones y representaron el 94.4% del total de la cartera a septiembre 2025, mientras que al sector p\u00fablico se destinaron RD$35,527 millones, constituyendo apenas el 5.6%\u201d, expres\u00f3 el ejecutivo bancario.<\/p>\n<p>Puntualiz\u00f3 que la instituci\u00f3n financiera posee el 37% de la participaci\u00f3n del mercado entre los bancos m\u00faltiples, logro que refleja la confianza depositada por millones de dominicanos, adem\u00e1s de consolidarse como el principal socio estrat\u00e9gico de los sectores productivos que impulsan el desarrollo econ\u00f3mico y social del pa\u00eds.<\/p>\n<p>&nbsp;<\/p>\n<p>Revel\u00f3 que, por 84 a\u00f1os de existencia en la sociedad dominicana, Banreservas ha sido mucho m\u00e1s que una entidad financiera, porque se ha constituido como un ejemplo de perseverancia y s\u00edmbolo de compromiso nacional.<\/p>\n<p>&nbsp;<\/p>\n<p>\u201cEn el presente, asumimos estos valores que se corresponden con el ejemplo intransigente con las buenas pr\u00e1cticas en la funci\u00f3n p\u00fablica que transmite nuestro presidente Luis Abinader\u201d, expres\u00f3.<\/p>\n<p>&nbsp;<\/p>\n<p>Aguilera insisti\u00f3 que el compromiso con la \u00e9tica, la transparencia, el servicio al pa\u00eds y el respeto a los valores que se viven en Banreservas se transmiten por generaciones y son prendas innegociables en la entidad bancaria con m\u00e1s de ocho d\u00e9cadas en la naci\u00f3n dominicana.<\/p>\n<p>&nbsp;<\/p>\n<p>Tambi\u00e9n resalt\u00f3 la fuerte presencia del Banco de Reservas en el territorio nacional, as\u00ed como en Madrid, Miami y New York, donde el Banco ha creado fuertes v\u00ednculos con la comunidad dominicana residente en el exterior.<\/p>\n<p>&nbsp;<\/p>\n<p>A la homil\u00eda oficiada por Monse\u00f1or Ram\u00f3n Benito \u00c1ngeles, auxiliar em\u00e9rito de la Arquidi\u00f3cesis de Santo Domingo, asistieron Raquel Arbaje de Abinader, primera dama de la Rep\u00fablica; Carmen Alicia Quijano de Aguilera, presidenta del Voluntariado Banreservas; Christopher Paniagua, presidente ejecutivo del Banco Popular, autoridades civiles y legislativas, clientes, relacionados y ejecutivos de la instituci\u00f3n financiera.<\/p>\n<p>Vicepresidencia de Relaciones P\u00fablicas.<\/p>\n<p>Octubre, 2025.<\/p>\n<p><img loading=\"lazy\" decoding=\"async\" class=\"alignnone size-medium wp-image-4066\" src=\"https:\/\/periodicolarepublica.com\/wp-content\/uploads\/2025\/09\/images-21-300x300.jpeg\" alt=\"\" width=\"300\" height=\"300\" srcset=\"https:\/\/periodicolarepublica.com\/wp-content\/uploads\/2025\/09\/images-21-300x300.jpeg 300w, https:\/\/periodicolarepublica.com\/wp-content\/uploads\/2025\/09\/images-21-150x150.jpeg 150w, https:\/\/periodicolarepublica.com\/wp-content\/uploads\/2025\/09\/images-21.jpeg 554w\" sizes=\"auto, (max-width: 300px) 100vw, 300px\" \/><\/p>\n","protected":false},"excerpt":{"rendered":"<p>Dice que los activos del Banco aumentaron RD$143,997.3 millones al cierre de septiembre para situarse en RD$1,352,841.6 millones El presidente ejecutivo de Banreservas, doctor Leonardo Aguilera, inform\u00f3 este viernes que la cartera de pr\u00e9stamos de la instituci\u00f3n financiera supera los RD$631,321 millones, al cierre de septiembre 2025 para un aumento de RD$67,657.4 millones en comparaci\u00f3n [&hellip;]<\/p>\n","protected":false},"author":6,"featured_media":4066,"comment_status":"open","ping_status":"open","sticky":false,"template":"","format":"standard","meta":{"om_disable_all_campaigns":false,"_monsterinsights_skip_tracking":false,"_monsterinsights_sitenote_active":false,"_monsterinsights_sitenote_note":"","_monsterinsights_sitenote_category":0,"footnotes":""},"categories":[33,1],"tags":[],"class_list":{"0":"post-4289","1":"post","2":"type-post","3":"status-publish","4":"format-standard","5":"has-post-thumbnail","7":"category-canal-financiero","8":"category-nacionales"},"aioseo_notices":[],"_links":{"self":[{"href":"https:\/\/periodicolarepublica.com\/index.php\/wp-json\/wp\/v2\/posts\/4289","targetHints":{"allow":["GET"]}}],"collection":[{"href":"https:\/\/periodicolarepublica.com\/index.php\/wp-json\/wp\/v2\/posts"}],"about":[{"href":"https:\/\/periodicolarepublica.com\/index.php\/wp-json\/wp\/v2\/types\/post"}],"author":[{"embeddable":true,"href":"https:\/\/periodicolarepublica.com\/index.php\/wp-json\/wp\/v2\/users\/6"}],"replies":[{"embeddable":true,"href":"https:\/\/periodicolarepublica.com\/index.php\/wp-json\/wp\/v2\/comments?post=4289"}],"version-history":[{"count":1,"href":"https:\/\/periodicolarepublica.com\/index.php\/wp-json\/wp\/v2\/posts\/4289\/revisions"}],"predecessor-version":[{"id":4290,"href":"https:\/\/periodicolarepublica.com\/index.php\/wp-json\/wp\/v2\/posts\/4289\/revisions\/4290"}],"wp:featuredmedia":[{"embeddable":true,"href":"https:\/\/periodicolarepublica.com\/index.php\/wp-json\/wp\/v2\/media\/4066"}],"wp:attachment":[{"href":"https:\/\/periodicolarepublica.com\/index.php\/wp-json\/wp\/v2\/media?parent=4289"}],"wp:term":[{"taxonomy":"category","embeddable":true,"href":"https:\/\/periodicolarepublica.com\/index.php\/wp-json\/wp\/v2\/categories?post=4289"},{"taxonomy":"post_tag","embeddable":true,"href":"https:\/\/periodicolarepublica.com\/index.php\/wp-json\/wp\/v2\/tags?post=4289"}],"curies":[{"name":"wp","href":"https:\/\/api.w.org\/{rel}","templated":true}]}}