{"id":4293,"date":"2025-11-01T08:50:47","date_gmt":"2025-11-01T12:50:47","guid":{"rendered":"https:\/\/periodicolarepublica.com\/?p=4293"},"modified":"2025-11-01T08:50:47","modified_gmt":"2025-11-01T12:50:47","slug":"ministro-collado-entrega-11-calles-reconstruidas-en-ciudad-colonial","status":"publish","type":"post","link":"https:\/\/periodicolarepublica.com\/index.php\/2025\/11\/01\/ministro-collado-entrega-11-calles-reconstruidas-en-ciudad-colonial\/","title":{"rendered":"Ministro Collado entrega 11 calles reconstruidas en Ciudad Colonial."},"content":{"rendered":"<p>Las intervenciones, con una inversi\u00f3n de m\u00e1s de 103 millones de pesos, tiene un gran impacto directo en la econom\u00eda de la zona y sus residentes.<\/p>\n<p>El ministro de Turismo, David Collado, entreg\u00f3 este viernes 11 calles reconstruidas en la Ciudad Colonial, con una inversi\u00f3n que supera los 103 millones de pesos.<\/p>\n<p>Los trabajos de reconstrucci\u00f3n y acondicionamiento de aceras, contenes y calles en la Ciudad Colonial esta siendo realizado por Comit\u00e9 Ejecutor de Infraestructuras de Zonas Tur\u00edsticas (CEIZTUR) del Ministerio de Turismo.<\/p>\n<p>El proyecto general consiste en la reconstrucci\u00f3n de aceras, contenes, y asfaltado de 17 calles en la Ciudad Colonial, as\u00ed como en sectores cercanos como San L\u00e1zaro y San Miguel.<\/p>\n<p>Dentro de los trabajos se encuentran recapeo y asfaltado vial en una longitud de 5,200 metros lineales, adem\u00e1s, la reconstrucci\u00f3n de 9,300 metros lineales de aceras en hormig\u00f3n y tabletas y otros 9,300 metros lineales de contenes.<\/p>\n<p>A toda esa intervenciones se suma la readecuaci\u00f3n del drenaje pluvial y la se\u00f1alizaci\u00f3n vertical y horizontal y rampas de acceso universal.<\/p>\n<p>El ministro Collado manifest\u00f3 que esas intervenciones es parte del esfuerzo para que la zona Colonial siga recobrando su esplendor y garantizar la mayor cantidad de visitas de nacionales y extranjeros.<\/p>\n<p>&nbsp;<\/p>\n<p>Expres\u00f3 que las intervenciones en los sectores aleda\u00f1os a la Ciudad Colonial es parte de la visi\u00f3n de un turismo inclusivo y sostenible.<\/p>\n<p>&nbsp;<\/p>\n<p>\u00abHoy con la entrega de estas calles damos otro paso de avanza en un esfuerzo conjunto para que nuestra Ciudad Colonial siga siendo el mayor atractivo para turistas nacionales y extranjeros\u00bb, dijo Collado.<\/p>\n<p>&nbsp;<\/p>\n<p>El funcionario garantiz\u00f3 que en diciembre no habr\u00e1 ninguna calle cerrada en la Ciudad Colonial, tras afirmar que el 8 por ciento de los turistas que llegan al pa\u00eds visitan la Zona.<\/p>\n<p>&nbsp;<\/p>\n<p>La entrega contempla la longitud de 574.96 metros lineales de aceras en tabletas de hormig\u00f3n y una longitud 3,610 metros lineales de aceras en hormig\u00f3n vaciado, en la Zona Norte y rampas de accesibilidad universal de una longitudde 4.4 metros lineales, distribuidos en m\u00e1s de 21 intersecciones en la zona.<\/p>\n<p>&nbsp;<\/p>\n<p>Las calles entregadas son:<\/p>\n<p>&nbsp;<\/p>\n<p>.Isabel La Cat\u00f3lica: Tramo Vicente Celestino Duarte \u2013Juan Parra Alba.<\/p>\n<p>\u2022 Arzobispo Meri\u00f1o: Tramo Mella-Restauraci\u00f3n.<\/p>\n<p>\u2022 Restauraci\u00f3n: Tramo Jos\u00e9 Reyes \u2013 ArzobispoMeri\u00f1o.<\/p>\n<p>\u2022 Duarte: Tramo Mella- Juan Isidro P\u00e9rez.<\/p>\n<p>\u2022 Juan Isidro P\u00e9rez: Tramo Palo Hincado -Hostos.<\/p>\n<p>\u2022 La Noria: Tramo 19 de Marzo &#8211; Duarte.<\/p>\n<p>\u2022 La Noria: Tramo Restauraci\u00f3n-Mella.<\/p>\n<p>\u2022 Jos\u00e9 Reyes: Tramo Mella \u2013 Juan Isidro P\u00e9rez<\/p>\n<p>\u2022 Calle 19 de marzo Tramo Mella \u2013 Juan Isidro P\u00e9rez<\/p>\n<p>\u2022 Callej\u00f3n Mar\u00eda la O.<\/p>\n<p>\u2022 Calle Polvor\u00edn: Tramo Mercedes-Juan Isidro P\u00e9rez<\/p>\n<p>&nbsp;<\/p>\n<p>Direcci\u00f3n Comunicaciones<\/p>\n<p>Ministerio de Turismo<\/p>\n<p><img loading=\"lazy\" decoding=\"async\" class=\"alignnone size-medium wp-image-4294\" src=\"https:\/\/periodicolarepublica.com\/wp-content\/uploads\/2025\/11\/IMG-20251101-WA0002-e1762001400346-300x293.jpg\" alt=\"\" width=\"300\" height=\"293\" srcset=\"https:\/\/periodicolarepublica.com\/wp-content\/uploads\/2025\/11\/IMG-20251101-WA0002-e1762001400346-300x293.jpg 300w, https:\/\/periodicolarepublica.com\/wp-content\/uploads\/2025\/11\/IMG-20251101-WA0002-e1762001400346-768x750.jpg 768w, https:\/\/periodicolarepublica.com\/wp-content\/uploads\/2025\/11\/IMG-20251101-WA0002-e1762001400346-150x146.jpg 150w, https:\/\/periodicolarepublica.com\/wp-content\/uploads\/2025\/11\/IMG-20251101-WA0002-e1762001400346-600x586.jpg 600w, https:\/\/periodicolarepublica.com\/wp-content\/uploads\/2025\/11\/IMG-20251101-WA0002-e1762001400346-696x680.jpg 696w, https:\/\/periodicolarepublica.com\/wp-content\/uploads\/2025\/11\/IMG-20251101-WA0002-e1762001400346.jpg 850w\" sizes=\"auto, (max-width: 300px) 100vw, 300px\" \/><\/p>\n","protected":false},"excerpt":{"rendered":"<p>Las intervenciones, con una inversi\u00f3n de m\u00e1s de 103 millones de pesos, tiene un gran impacto directo en la econom\u00eda de la zona y sus residentes. El ministro de Turismo, David Collado, entreg\u00f3 este viernes 11 calles reconstruidas en la Ciudad Colonial, con una inversi\u00f3n que supera los 103 millones de pesos. Los trabajos de [&hellip;]<\/p>\n","protected":false},"author":6,"featured_media":4294,"comment_status":"open","ping_status":"open","sticky":false,"template":"","format":"standard","meta":{"om_disable_all_campaigns":false,"_monsterinsights_skip_tracking":false,"_monsterinsights_sitenote_active":false,"_monsterinsights_sitenote_note":"","_monsterinsights_sitenote_category":0,"footnotes":""},"categories":[1],"tags":[],"class_list":{"0":"post-4293","1":"post","2":"type-post","3":"status-publish","4":"format-standard","5":"has-post-thumbnail","7":"category-nacionales"},"aioseo_notices":[],"_links":{"self":[{"href":"https:\/\/periodicolarepublica.com\/index.php\/wp-json\/wp\/v2\/posts\/4293","targetHints":{"allow":["GET"]}}],"collection":[{"href":"https:\/\/periodicolarepublica.com\/index.php\/wp-json\/wp\/v2\/posts"}],"about":[{"href":"https:\/\/periodicolarepublica.com\/index.php\/wp-json\/wp\/v2\/types\/post"}],"author":[{"embeddable":true,"href":"https:\/\/periodicolarepublica.com\/index.php\/wp-json\/wp\/v2\/users\/6"}],"replies":[{"embeddable":true,"href":"https:\/\/periodicolarepublica.com\/index.php\/wp-json\/wp\/v2\/comments?post=4293"}],"version-history":[{"count":1,"href":"https:\/\/periodicolarepublica.com\/index.php\/wp-json\/wp\/v2\/posts\/4293\/revisions"}],"predecessor-version":[{"id":4295,"href":"https:\/\/periodicolarepublica.com\/index.php\/wp-json\/wp\/v2\/posts\/4293\/revisions\/4295"}],"wp:featuredmedia":[{"embeddable":true,"href":"https:\/\/periodicolarepublica.com\/index.php\/wp-json\/wp\/v2\/media\/4294"}],"wp:attachment":[{"href":"https:\/\/periodicolarepublica.com\/index.php\/wp-json\/wp\/v2\/media?parent=4293"}],"wp:term":[{"taxonomy":"category","embeddable":true,"href":"https:\/\/periodicolarepublica.com\/index.php\/wp-json\/wp\/v2\/categories?post=4293"},{"taxonomy":"post_tag","embeddable":true,"href":"https:\/\/periodicolarepublica.com\/index.php\/wp-json\/wp\/v2\/tags?post=4293"}],"curies":[{"name":"wp","href":"https:\/\/api.w.org\/{rel}","templated":true}]}}