{"id":4296,"date":"2025-11-01T08:56:58","date_gmt":"2025-11-01T12:56:58","guid":{"rendered":"https:\/\/periodicolarepublica.com\/?p=4296"},"modified":"2025-11-01T08:56:58","modified_gmt":"2025-11-01T12:56:58","slug":"presidente-abinader-recibe-delegacion-de-adompretur-en-su-despacho-presidencial","status":"publish","type":"post","link":"https:\/\/periodicolarepublica.com\/index.php\/2025\/11\/01\/presidente-abinader-recibe-delegacion-de-adompretur-en-su-despacho-presidencial\/","title":{"rendered":"Presidente Abinader recibe delegaci\u00f3n de Adompretur en su despacho presidencial"},"content":{"rendered":"<p>El mandatario respalda la creaci\u00f3n del Museo del Turismo Dominicano, propuesto por Adompretur<\/p>\n<p>Santo Domingo. &#8211; El presidente Luis Abinader recibi\u00f3 el pasado martes, en su despacho del Palacio Nacional, a una delegaci\u00f3n de la Asociaci\u00f3n Dominicana de Prensa Tur\u00edstica (Adompretur), encabezada por su presidenta, la periodista Sarah Hern\u00e1ndez.<\/p>\n<p>&nbsp;<\/p>\n<p>El encuentro fue calificado como fruct\u00edfero, y durante el mismo el mandatario expres\u00f3 su respaldo a la creaci\u00f3n del Museo del Turismo Dominicano, una iniciativa promovida por el actual consejo directivo de la entidad.<\/p>\n<p>&nbsp;<\/p>\n<p>La presidenta de Adompretur inform\u00f3 que se entreg\u00f3 al presidente un proyecto preliminar con las ideas fundamentales del museo, el cual busca rendir homenaje a los pioneros del turismo nacional y a quienes han contribuido significativamente a su desarrollo, tanto desde el \u00e1mbito p\u00fablico como desde el privado.<\/p>\n<p>&nbsp;<\/p>\n<p>Por instrucciones del presidente Abinader, una comisi\u00f3n de Adompretur se reunir\u00e1 con el director general de Museos, Carlos And\u00fajar, quien gentilmente ha extendido una invitaci\u00f3n para visitar este lunes la que ser\u00eda la sede del museo. Asimismo, Hern\u00e1ndez anunci\u00f3 que en los pr\u00f3ximos d\u00edas se designar\u00e1 una comisi\u00f3n especial para dar seguimiento al proyecto.<\/p>\n<p><img loading=\"lazy\" decoding=\"async\" class=\"alignnone size-medium wp-image-4297\" src=\"https:\/\/periodicolarepublica.com\/wp-content\/uploads\/2025\/11\/IMG-20251101-WA0004-e1762001768939-300x260.jpg\" alt=\"\" width=\"300\" height=\"260\" srcset=\"https:\/\/periodicolarepublica.com\/wp-content\/uploads\/2025\/11\/IMG-20251101-WA0004-e1762001768939-300x260.jpg 300w, https:\/\/periodicolarepublica.com\/wp-content\/uploads\/2025\/11\/IMG-20251101-WA0004-e1762001768939-150x130.jpg 150w, https:\/\/periodicolarepublica.com\/wp-content\/uploads\/2025\/11\/IMG-20251101-WA0004-e1762001768939.jpg 340w\" sizes=\"auto, (max-width: 300px) 100vw, 300px\" \/><\/p>\n","protected":false},"excerpt":{"rendered":"<p>El mandatario respalda la creaci\u00f3n del Museo del Turismo Dominicano, propuesto por Adompretur Santo Domingo. &#8211; El presidente Luis Abinader recibi\u00f3 el pasado martes, en su despacho del Palacio Nacional, a una delegaci\u00f3n de la Asociaci\u00f3n Dominicana de Prensa Tur\u00edstica (Adompretur), encabezada por su presidenta, la periodista Sarah Hern\u00e1ndez. &nbsp; El encuentro fue calificado como [&hellip;]<\/p>\n","protected":false},"author":6,"featured_media":4297,"comment_status":"open","ping_status":"open","sticky":false,"template":"","format":"standard","meta":{"om_disable_all_campaigns":false,"_monsterinsights_skip_tracking":false,"_monsterinsights_sitenote_active":false,"_monsterinsights_sitenote_note":"","_monsterinsights_sitenote_category":0,"footnotes":""},"categories":[1,20],"tags":[460],"class_list":{"0":"post-4296","1":"post","2":"type-post","3":"status-publish","4":"format-standard","5":"has-post-thumbnail","7":"category-nacionales","8":"category-turismo","9":"tag-adompretur"},"aioseo_notices":[],"_links":{"self":[{"href":"https:\/\/periodicolarepublica.com\/index.php\/wp-json\/wp\/v2\/posts\/4296","targetHints":{"allow":["GET"]}}],"collection":[{"href":"https:\/\/periodicolarepublica.com\/index.php\/wp-json\/wp\/v2\/posts"}],"about":[{"href":"https:\/\/periodicolarepublica.com\/index.php\/wp-json\/wp\/v2\/types\/post"}],"author":[{"embeddable":true,"href":"https:\/\/periodicolarepublica.com\/index.php\/wp-json\/wp\/v2\/users\/6"}],"replies":[{"embeddable":true,"href":"https:\/\/periodicolarepublica.com\/index.php\/wp-json\/wp\/v2\/comments?post=4296"}],"version-history":[{"count":1,"href":"https:\/\/periodicolarepublica.com\/index.php\/wp-json\/wp\/v2\/posts\/4296\/revisions"}],"predecessor-version":[{"id":4298,"href":"https:\/\/periodicolarepublica.com\/index.php\/wp-json\/wp\/v2\/posts\/4296\/revisions\/4298"}],"wp:featuredmedia":[{"embeddable":true,"href":"https:\/\/periodicolarepublica.com\/index.php\/wp-json\/wp\/v2\/media\/4297"}],"wp:attachment":[{"href":"https:\/\/periodicolarepublica.com\/index.php\/wp-json\/wp\/v2\/media?parent=4296"}],"wp:term":[{"taxonomy":"category","embeddable":true,"href":"https:\/\/periodicolarepublica.com\/index.php\/wp-json\/wp\/v2\/categories?post=4296"},{"taxonomy":"post_tag","embeddable":true,"href":"https:\/\/periodicolarepublica.com\/index.php\/wp-json\/wp\/v2\/tags?post=4296"}],"curies":[{"name":"wp","href":"https:\/\/api.w.org\/{rel}","templated":true}]}}