{"id":4306,"date":"2025-11-02T09:42:43","date_gmt":"2025-11-02T13:42:43","guid":{"rendered":"https:\/\/periodicolarepublica.com\/?p=4306"},"modified":"2025-11-02T09:42:43","modified_gmt":"2025-11-02T13:42:43","slug":"tomas-hernandez-alberto-alerta-sobre-personas-que-usan-su-nombre-y-el-de-su-hijo-para-estafar","status":"publish","type":"post","link":"https:\/\/periodicolarepublica.com\/index.php\/2025\/11\/02\/tomas-hernandez-alberto-alerta-sobre-personas-que-usan-su-nombre-y-el-de-su-hijo-para-estafar\/","title":{"rendered":"Tom\u00e1s Hern\u00e1ndez Alberto alerta sobre personas que usan su nombre y el de su hijo para estafar"},"content":{"rendered":"<p>Santo Domingo, R.D. \u2013\u00a0El ingeniero Tom\u00e1s Hern\u00e1ndez Alberto, Presidente del Movimiento Poder P\u2019AL Pueblo, alert\u00f3 a la ciudadan\u00eda sobre individuos inescrupulosos que est\u00e1n utilizando su nombre y el de su hijo para realizar intentos de estafa a trav\u00e9s de falsas plataformas digitales y n\u00fameros telef\u00f3nicos que alegan representar al movimiento.<\/p>\n<p>&nbsp;<\/p>\n<p>Hern\u00e1ndez Alberto aclar\u00f3 que ninguna persona est\u00e1 autorizada para solicitar dinero, datos personales o cualquier tipo de contribuci\u00f3n econ\u00f3mica en nombre suyo ni del Movimiento Poder P\u2019AL Pueblo.<\/p>\n<p>&nbsp;<\/p>\n<p>\u201cQueremos dejar claro que toda informaci\u00f3n o comunicaci\u00f3n oficial del movimiento se realiza \u00fanicamente por nuestros canales verificados. Hacemos un llamado a la poblaci\u00f3n y a nuestros compa\u00f1eros a no dejarse enga\u00f1ar por estos falsos perfiles ni responder a mensajes sospechosos\u201d, se\u00f1al\u00f3 el dirigente pol\u00edtico.<\/p>\n<p>&nbsp;<\/p>\n<p>El Movimiento Poder P\u2019AL Pueblo reiter\u00f3 que no opera ninguna plataforma digital para gestionar beneficios, ayudas o afiliaciones fuera de sus medios oficiales y pidi\u00f3 denunciar de inmediato ante las autoridades cualquier intento de fraude o suplantaci\u00f3n de identidad.<img loading=\"lazy\" decoding=\"async\" class=\"size-medium wp-image-4307 alignright\" src=\"https:\/\/periodicolarepublica.com\/wp-content\/uploads\/2025\/11\/FB_IMG_1749179593026-298x300.jpg\" alt=\"\" width=\"298\" height=\"300\" srcset=\"https:\/\/periodicolarepublica.com\/wp-content\/uploads\/2025\/11\/FB_IMG_1749179593026-298x300.jpg?v=1762090948 298w, https:\/\/periodicolarepublica.com\/wp-content\/uploads\/2025\/11\/FB_IMG_1749179593026-150x151.jpg?v=1762090948 150w, https:\/\/periodicolarepublica.com\/wp-content\/uploads\/2025\/11\/FB_IMG_1749179593026-768x772.jpg?v=1762090948 768w, https:\/\/periodicolarepublica.com\/wp-content\/uploads\/2025\/11\/FB_IMG_1749179593026-300x302.jpg?v=1762090948 300w, https:\/\/periodicolarepublica.com\/wp-content\/uploads\/2025\/11\/FB_IMG_1749179593026-600x603.jpg?v=1762090948 600w, https:\/\/periodicolarepublica.com\/wp-content\/uploads\/2025\/11\/FB_IMG_1749179593026-696x700.jpg?v=1762090948 696w, https:\/\/periodicolarepublica.com\/wp-content\/uploads\/2025\/11\/FB_IMG_1749179593026.jpg?v=1762090948 955w\" sizes=\"auto, (max-width: 298px) 100vw, 298px\" \/><\/p>\n","protected":false},"excerpt":{"rendered":"<p>Santo Domingo, R.D. \u2013\u00a0El ingeniero Tom\u00e1s Hern\u00e1ndez Alberto, Presidente del Movimiento Poder P\u2019AL Pueblo, alert\u00f3 a la ciudadan\u00eda sobre individuos inescrupulosos que est\u00e1n utilizando su nombre y el de su hijo para realizar intentos de estafa a trav\u00e9s de falsas plataformas digitales y n\u00fameros telef\u00f3nicos que alegan representar al movimiento. &nbsp; Hern\u00e1ndez Alberto aclar\u00f3 que [&hellip;]<\/p>\n","protected":false},"author":10,"featured_media":4307,"comment_status":"open","ping_status":"open","sticky":false,"template":"","format":"standard","meta":{"om_disable_all_campaigns":false,"_monsterinsights_skip_tracking":false,"_monsterinsights_sitenote_active":false,"_monsterinsights_sitenote_note":"","_monsterinsights_sitenote_category":0,"footnotes":""},"categories":[1],"tags":[],"class_list":{"0":"post-4306","1":"post","2":"type-post","3":"status-publish","4":"format-standard","5":"has-post-thumbnail","7":"category-nacionales"},"aioseo_notices":[],"_links":{"self":[{"href":"https:\/\/periodicolarepublica.com\/index.php\/wp-json\/wp\/v2\/posts\/4306","targetHints":{"allow":["GET"]}}],"collection":[{"href":"https:\/\/periodicolarepublica.com\/index.php\/wp-json\/wp\/v2\/posts"}],"about":[{"href":"https:\/\/periodicolarepublica.com\/index.php\/wp-json\/wp\/v2\/types\/post"}],"author":[{"embeddable":true,"href":"https:\/\/periodicolarepublica.com\/index.php\/wp-json\/wp\/v2\/users\/10"}],"replies":[{"embeddable":true,"href":"https:\/\/periodicolarepublica.com\/index.php\/wp-json\/wp\/v2\/comments?post=4306"}],"version-history":[{"count":1,"href":"https:\/\/periodicolarepublica.com\/index.php\/wp-json\/wp\/v2\/posts\/4306\/revisions"}],"predecessor-version":[{"id":4308,"href":"https:\/\/periodicolarepublica.com\/index.php\/wp-json\/wp\/v2\/posts\/4306\/revisions\/4308"}],"wp:featuredmedia":[{"embeddable":true,"href":"https:\/\/periodicolarepublica.com\/index.php\/wp-json\/wp\/v2\/media\/4307"}],"wp:attachment":[{"href":"https:\/\/periodicolarepublica.com\/index.php\/wp-json\/wp\/v2\/media?parent=4306"}],"wp:term":[{"taxonomy":"category","embeddable":true,"href":"https:\/\/periodicolarepublica.com\/index.php\/wp-json\/wp\/v2\/categories?post=4306"},{"taxonomy":"post_tag","embeddable":true,"href":"https:\/\/periodicolarepublica.com\/index.php\/wp-json\/wp\/v2\/tags?post=4306"}],"curies":[{"name":"wp","href":"https:\/\/api.w.org\/{rel}","templated":true}]}}