{"id":4309,"date":"2025-11-03T07:21:57","date_gmt":"2025-11-03T11:21:57","guid":{"rendered":"https:\/\/periodicolarepublica.com\/?p=4309"},"modified":"2025-11-03T07:24:35","modified_gmt":"2025-11-03T11:24:35","slug":"4309","status":"publish","type":"post","link":"https:\/\/periodicolarepublica.com\/index.php\/2025\/11\/03\/4309\/","title":{"rendered":"Presidente Lu\u00eds Abinader y Wellington Arnaud inauguran planta de tratamiento de aguas residuales en Pimentel"},"content":{"rendered":"<p>Presidente Lu\u00eds Abinader y Wellington Arnaud inauguran planta de tratamiento de aguas residuales en Pimentel<\/p>\n<p>PIMENTEL, PROVINCIA DUARTE.- El presidente Luis Abinader y el director ejecutivo del Instituto Nacional de Aguas Potables y Alcantarillados (INAPA), Wellington Arnaud, dejaron inaugurada este domingo la planta de tratamiento de aguas residuales del municipio de Pimentel, una obra que da respuesta a un reclamo de m\u00e1s de 20 a\u00f1os de la comunidad.<\/p>\n<p>El moderno sistema beneficiar\u00e1 a m\u00e1s de 14,800 habitantes, contribuyendo a mejorar la salud p\u00fablica y las condiciones ambientales de la zona.<\/p>\n<p>Durante el acto inaugural, Wellington Arnaud destac\u00f3 la visi\u00f3n del presidente Abinader de priorizar las inversiones en obras esenciales para la salud y el desarrollo sostenible.<\/p>\n<p>&nbsp;<\/p>\n<p>&gt; \u201cPor muchos a\u00f1os el tratamiento de las aguas residuales no era prioritario en nuestro pa\u00eds porque se consideraba una inversi\u00f3n no visible, ya que los tubos van bajo tierra. Sin embargo, el presidente Luis Abinader ha destinado los recursos necesarios para intervenir estos territorios y llevar salud a la gente\u201d, expres\u00f3 Arnaud.<\/p>\n<p>&nbsp;<\/p>\n<p>La planta permitir\u00e1 el funcionamiento eficiente del sistema de alcantarillado sanitario del municipio e incluye la instalaci\u00f3n de tuber\u00edas, l\u00edneas colectoras, acometidas domiciliarias y registros de inspecci\u00f3n.<\/p>\n<p>&nbsp;<\/p>\n<p>&gt; \u201cEstamos sembrando salud y bienestar, ocup\u00e1ndonos de que cada peso se invierta de manera eficiente para mejorar la calidad de vida del pueblo dominicano\u201d, afirm\u00f3 el funcionario.<\/p>\n<p>&nbsp;<\/p>\n<p>El sistema cuenta con nuevos desarenadores, lagunas primaria anaer\u00f3bica y secundaria facultativa, una laguna de maduraci\u00f3n facultativa y un sistema de desinfecci\u00f3n por cloro, garantizando un adecuado proceso de recolecci\u00f3n, tratamiento y disposici\u00f3n final de las aguas residuales.<\/p>\n<p>&nbsp;<\/p>\n<p>Con esta obra, el Gobierno reafirma su compromiso con el saneamiento ambiental y el bienestar de las comunidades del pa\u00eds.<\/p>\n<p>&nbsp;<\/p>\n<p>#INAPA #BienestarParaPimentel #ElCambioSeSiente #WellingtonArnaud #LuisAbinader<\/p>\n<p><img loading=\"lazy\" decoding=\"async\" class=\"alignnone size-medium wp-image-4310\" src=\"https:\/\/periodicolarepublica.com\/wp-content\/uploads\/2025\/11\/IMG-20251103-WA0002-scaled-e1762168892131-281x300.jpg\" alt=\"\" width=\"281\" height=\"300\" srcset=\"https:\/\/periodicolarepublica.com\/wp-content\/uploads\/2025\/11\/IMG-20251103-WA0002-scaled-e1762168892131-281x300.jpg 281w, https:\/\/periodicolarepublica.com\/wp-content\/uploads\/2025\/11\/IMG-20251103-WA0002-scaled-e1762168892131-768x821.jpg 768w, https:\/\/periodicolarepublica.com\/wp-content\/uploads\/2025\/11\/IMG-20251103-WA0002-scaled-e1762168892131-150x160.jpg 150w, https:\/\/periodicolarepublica.com\/wp-content\/uploads\/2025\/11\/IMG-20251103-WA0002-scaled-e1762168892131-300x321.jpg 300w, https:\/\/periodicolarepublica.com\/wp-content\/uploads\/2025\/11\/IMG-20251103-WA0002-scaled-e1762168892131-600x641.jpg 600w, https:\/\/periodicolarepublica.com\/wp-content\/uploads\/2025\/11\/IMG-20251103-WA0002-scaled-e1762168892131-696x744.jpg 696w, https:\/\/periodicolarepublica.com\/wp-content\/uploads\/2025\/11\/IMG-20251103-WA0002-scaled-e1762168892131.jpg 926w\" sizes=\"auto, (max-width: 281px) 100vw, 281px\" \/><\/p>\n","protected":false},"excerpt":{"rendered":"<p>Presidente Lu\u00eds Abinader y Wellington Arnaud inauguran planta de tratamiento de aguas residuales en Pimentel PIMENTEL, PROVINCIA DUARTE.- El presidente Luis Abinader y el director ejecutivo del Instituto Nacional de Aguas Potables y Alcantarillados (INAPA), Wellington Arnaud, dejaron inaugurada este domingo la planta de tratamiento de aguas residuales del municipio de Pimentel, una obra que [&hellip;]<\/p>\n","protected":false},"author":6,"featured_media":4310,"comment_status":"open","ping_status":"open","sticky":false,"template":"","format":"standard","meta":{"om_disable_all_campaigns":false,"_monsterinsights_skip_tracking":false,"_monsterinsights_sitenote_active":false,"_monsterinsights_sitenote_note":"","_monsterinsights_sitenote_category":0,"footnotes":""},"categories":[1],"tags":[],"class_list":{"0":"post-4309","1":"post","2":"type-post","3":"status-publish","4":"format-standard","5":"has-post-thumbnail","7":"category-nacionales"},"aioseo_notices":[],"_links":{"self":[{"href":"https:\/\/periodicolarepublica.com\/index.php\/wp-json\/wp\/v2\/posts\/4309","targetHints":{"allow":["GET"]}}],"collection":[{"href":"https:\/\/periodicolarepublica.com\/index.php\/wp-json\/wp\/v2\/posts"}],"about":[{"href":"https:\/\/periodicolarepublica.com\/index.php\/wp-json\/wp\/v2\/types\/post"}],"author":[{"embeddable":true,"href":"https:\/\/periodicolarepublica.com\/index.php\/wp-json\/wp\/v2\/users\/6"}],"replies":[{"embeddable":true,"href":"https:\/\/periodicolarepublica.com\/index.php\/wp-json\/wp\/v2\/comments?post=4309"}],"version-history":[{"count":2,"href":"https:\/\/periodicolarepublica.com\/index.php\/wp-json\/wp\/v2\/posts\/4309\/revisions"}],"predecessor-version":[{"id":4312,"href":"https:\/\/periodicolarepublica.com\/index.php\/wp-json\/wp\/v2\/posts\/4309\/revisions\/4312"}],"wp:featuredmedia":[{"embeddable":true,"href":"https:\/\/periodicolarepublica.com\/index.php\/wp-json\/wp\/v2\/media\/4310"}],"wp:attachment":[{"href":"https:\/\/periodicolarepublica.com\/index.php\/wp-json\/wp\/v2\/media?parent=4309"}],"wp:term":[{"taxonomy":"category","embeddable":true,"href":"https:\/\/periodicolarepublica.com\/index.php\/wp-json\/wp\/v2\/categories?post=4309"},{"taxonomy":"post_tag","embeddable":true,"href":"https:\/\/periodicolarepublica.com\/index.php\/wp-json\/wp\/v2\/tags?post=4309"}],"curies":[{"name":"wp","href":"https:\/\/api.w.org\/{rel}","templated":true}]}}