{"id":4313,"date":"2025-11-03T18:17:41","date_gmt":"2025-11-03T22:17:41","guid":{"rendered":"https:\/\/periodicolarepublica.com\/?p=4313"},"modified":"2025-11-03T18:17:41","modified_gmt":"2025-11-03T22:17:41","slug":"tomas-hernandez-alberto-reafirma-su-respaldo-al-prm-tras-reunirse-con-su-presidente-jose-ignacio-paliza","status":"publish","type":"post","link":"https:\/\/periodicolarepublica.com\/index.php\/2025\/11\/03\/tomas-hernandez-alberto-reafirma-su-respaldo-al-prm-tras-reunirse-con-su-presidente-jose-ignacio-paliza\/","title":{"rendered":"Tom\u00e1s Hern\u00e1ndez Alberto reafirma su respaldo al PRM tras reunirse con su presidente Jos\u00e9 Ignacio Paliza"},"content":{"rendered":"<p>Santo Domingo. \u2013 El presidente del Movimiento Poder P\u2019AL Pueblo, Ing. Tom\u00e1s Hern\u00e1ndez Alberto, sostuvo un encuentro de alto nivel con el presidente del Partido Revolucionario Moderno (PRM), Jos\u00e9 Ignacio Paliza, donde abordaron temas claves sobre el fortalecimiento de la organizaci\u00f3n, la verificaci\u00f3n partidaria y la preparaci\u00f3n rumbo a la pr\u00f3xima convenci\u00f3n interna.<\/p>\n<p>&nbsp;<\/p>\n<p>Durante el encuentro, Hern\u00e1ndez Alberto resalt\u00f3 la capacidad, madurez pol\u00edtica y liderazgo de Jos\u00e9 Ignacio Paliza, a quien defini\u00f3 como \u201cuno de los j\u00f3venes m\u00e1s preparados y comprometidos del pa\u00eds, un dirigente con una hoja de servicio limpia, que ha sabido representar la renovaci\u00f3n y la firmeza del cambio que lidera el presidente Luis Abinader\u201d.<\/p>\n<p>&nbsp;<\/p>\n<p>El presidente de Poder P\u2019AL Pueblo se\u00f1al\u00f3 que el trabajo que realiza Paliza al frente del PRM, junto al presidente Abinader, fortalece la confianza de las bases, consolida la unidad del partido y garantiza la continuidad del cambio en beneficio del pueblo dominicano.<\/p>\n<p>&nbsp;<\/p>\n<p>\u201cEl PRM est\u00e1 m\u00e1s fuerte, m\u00e1s unido y m\u00e1s firme que nunca, con una direcci\u00f3n que trabaja con transparencia, con resultados y con visi\u00f3n de futuro. Desde el movimiento Poder P\u2019AL Pueblo reafirmamos nuestro compromiso absoluto con el presidente Luis Abinader, con Jos\u00e9 Ignacio Paliza y con todo el equipo que d\u00eda a d\u00eda demuestra que el cambio es real y que el pa\u00eds va por el camino correcto\u201d, afirm\u00f3 Hern\u00e1ndez Alberto.<\/p>\n<p>&nbsp;<\/p>\n<p>En el encuentro acompa\u00f1aron a Tom\u00e1s Hern\u00e1ndez Alberto los dirigentes del movimiento Adolfo Portes Alc\u00e1ntara (Vicepresidente) Jhonatan Brea, (Director de Comunicaci\u00f3n) Darisy Suero (Direcci\u00f3n ejecutiva) y Rafalito de los Santos, (Asistente) quienes tambi\u00e9n expresaron su respaldo al trabajo que realiza la alta direcci\u00f3n del PRM y reiteraron su compromiso de continuar fortaleciendo la unidad partidaria desde cada territorio.<\/p>\n<p>&nbsp;<\/p>\n<p>Finalmente, Hern\u00e1ndez Alberto destac\u00f3 que el movimiento Poder P\u2019AL Pueblo, como estructura externa e interna del PRM, seguir\u00e1 caminando, creciendo y sumando, porque el cambio no se detiene y el PRM seguir\u00e1 siendo la fuerza del pueblo y la garant\u00eda de un pa\u00eds en desarrollo.<img loading=\"lazy\" decoding=\"async\" class=\"size-medium wp-image-4314 alignright\" src=\"https:\/\/periodicolarepublica.com\/wp-content\/uploads\/2025\/11\/FB_IMG_1762206240436-300x201.jpg\" alt=\"\" width=\"300\" height=\"201\" srcset=\"https:\/\/periodicolarepublica.com\/wp-content\/uploads\/2025\/11\/FB_IMG_1762206240436-300x201.jpg?v=1762208228 300w, https:\/\/periodicolarepublica.com\/wp-content\/uploads\/2025\/11\/FB_IMG_1762206240436-1024x685.jpg?v=1762208228 1024w, https:\/\/periodicolarepublica.com\/wp-content\/uploads\/2025\/11\/FB_IMG_1762206240436-768x513.jpg?v=1762208228 768w, https:\/\/periodicolarepublica.com\/wp-content\/uploads\/2025\/11\/FB_IMG_1762206240436-150x100.jpg?v=1762208228 150w, https:\/\/periodicolarepublica.com\/wp-content\/uploads\/2025\/11\/FB_IMG_1762206240436-600x401.jpg?v=1762208228 600w, https:\/\/periodicolarepublica.com\/wp-content\/uploads\/2025\/11\/FB_IMG_1762206240436-696x465.jpg?v=1762208228 696w, https:\/\/periodicolarepublica.com\/wp-content\/uploads\/2025\/11\/FB_IMG_1762206240436-1068x714.jpg?v=1762208228 1068w, https:\/\/periodicolarepublica.com\/wp-content\/uploads\/2025\/11\/FB_IMG_1762206240436.jpg?v=1762208228 1080w\" sizes=\"auto, (max-width: 300px) 100vw, 300px\" \/><\/p>\n","protected":false},"excerpt":{"rendered":"<p>Santo Domingo. \u2013 El presidente del Movimiento Poder P\u2019AL Pueblo, Ing. Tom\u00e1s Hern\u00e1ndez Alberto, sostuvo un encuentro de alto nivel con el presidente del Partido Revolucionario Moderno (PRM), Jos\u00e9 Ignacio Paliza, donde abordaron temas claves sobre el fortalecimiento de la organizaci\u00f3n, la verificaci\u00f3n partidaria y la preparaci\u00f3n rumbo a la pr\u00f3xima convenci\u00f3n interna. &nbsp; Durante [&hellip;]<\/p>\n","protected":false},"author":10,"featured_media":4314,"comment_status":"open","ping_status":"open","sticky":false,"template":"","format":"standard","meta":{"om_disable_all_campaigns":false,"_monsterinsights_skip_tracking":false,"_monsterinsights_sitenote_active":false,"_monsterinsights_sitenote_note":"","_monsterinsights_sitenote_category":0,"footnotes":""},"categories":[1],"tags":[163],"class_list":{"0":"post-4313","1":"post","2":"type-post","3":"status-publish","4":"format-standard","5":"has-post-thumbnail","7":"category-nacionales","8":"tag-tomas-hernandez-alberto"},"aioseo_notices":[],"_links":{"self":[{"href":"https:\/\/periodicolarepublica.com\/index.php\/wp-json\/wp\/v2\/posts\/4313","targetHints":{"allow":["GET"]}}],"collection":[{"href":"https:\/\/periodicolarepublica.com\/index.php\/wp-json\/wp\/v2\/posts"}],"about":[{"href":"https:\/\/periodicolarepublica.com\/index.php\/wp-json\/wp\/v2\/types\/post"}],"author":[{"embeddable":true,"href":"https:\/\/periodicolarepublica.com\/index.php\/wp-json\/wp\/v2\/users\/10"}],"replies":[{"embeddable":true,"href":"https:\/\/periodicolarepublica.com\/index.php\/wp-json\/wp\/v2\/comments?post=4313"}],"version-history":[{"count":1,"href":"https:\/\/periodicolarepublica.com\/index.php\/wp-json\/wp\/v2\/posts\/4313\/revisions"}],"predecessor-version":[{"id":4315,"href":"https:\/\/periodicolarepublica.com\/index.php\/wp-json\/wp\/v2\/posts\/4313\/revisions\/4315"}],"wp:featuredmedia":[{"embeddable":true,"href":"https:\/\/periodicolarepublica.com\/index.php\/wp-json\/wp\/v2\/media\/4314"}],"wp:attachment":[{"href":"https:\/\/periodicolarepublica.com\/index.php\/wp-json\/wp\/v2\/media?parent=4313"}],"wp:term":[{"taxonomy":"category","embeddable":true,"href":"https:\/\/periodicolarepublica.com\/index.php\/wp-json\/wp\/v2\/categories?post=4313"},{"taxonomy":"post_tag","embeddable":true,"href":"https:\/\/periodicolarepublica.com\/index.php\/wp-json\/wp\/v2\/tags?post=4313"}],"curies":[{"name":"wp","href":"https:\/\/api.w.org\/{rel}","templated":true}]}}