{"id":4316,"date":"2025-11-08T09:52:00","date_gmt":"2025-11-08T13:52:00","guid":{"rendered":"https:\/\/periodicolarepublica.com\/?p=4316"},"modified":"2025-11-08T09:52:00","modified_gmt":"2025-11-08T13:52:00","slug":"dirigentes-del-prm-defienden-la-gestion-de-abinader-a-traves-del-movimiento-orgullo-perremeista-en-santo-domingo-norte","status":"publish","type":"post","link":"https:\/\/periodicolarepublica.com\/index.php\/2025\/11\/08\/dirigentes-del-prm-defienden-la-gestion-de-abinader-a-traves-del-movimiento-orgullo-perremeista-en-santo-domingo-norte\/","title":{"rendered":"Dirigentes del PRM defienden la gesti\u00f3n de Abinader; a trav\u00e9s del movimiento orgullo perreme\u00edsta en Santo Domingo Norte"},"content":{"rendered":"<p>Santo Domingo Norte.\u2013 El dirigente pol\u00edtico y comunitario Juan Herrera, trabaja junto a equipo en fortalecer el movimiento pol\u00edtico \u201cEl Poder del Orgullo Perreme\u00edsta\u201d, donde promueven la execelente gesti\u00f3n del presidente Luis Abinader y sus obras no solo en el municipio Santo Domingo Norte, si no en todo el<\/p>\n<p>&nbsp;<\/p>\n<p>Juan Herrera, encabez\u00f3 con miembro del Partido Revolucionario Moderno (PRM) expreso que el \u201cEl Poder del Orgullo Perreme\u00edsta\u201d, una iniciativa formativa que combina el recorrido de los cinco a\u00f1os de gesti\u00f3n del gobierno con el proceso de consolidaci\u00f3n institucional del partido.<\/p>\n<p>&nbsp;<\/p>\n<p>El l\u00edder de la juventud del PRM en Santo Domingo Norte, Juan Herrera destac\u00f3 los logros alcanzados por el presidente Abinader en estos cinco a\u00f1os de gobierno, resaltando c\u00f3mo el cambio ha transformado \u00e1reas clave del desarrollo nacional.<\/p>\n<p>&nbsp;<\/p>\n<p>Al mismo tiempo, enfatiz\u00f3 la importancia de que cada militante valide su pertenencia partidaria a trav\u00e9s del sistema PRACAF, plataforma impulsada por el PRM para la verificaci\u00f3n y actualizaci\u00f3n de datos en el padr\u00f3n.<\/p>\n<p>&nbsp;<\/p>\n<p>Llamo a los militares a participar en e<\/p>\n<p>proceso de verificaci\u00f3n a trav\u00e9s del verificate.prm.do o busca el enlace en las redes del partido para actualizar su registro, est\u00e1 reafirmando su militancia y su apoyo al presidente Luis Abinader\u201d, expres\u00f3 Herrera.<\/p>\n<p>&nbsp;<\/p>\n<p>Juan Herrera dijo que el fortalecimiento institucional del PRM comienza por tener una base organizada, verificada y conectada digitalmente, lo que permite al partido consolidar su liderazgo territorial y garantizar una estructura moderna y transparente.<\/p>\n<p>&nbsp;<\/p>\n<p>\u201cEl Poder del Orgullo Perreme\u00edsta\u201d contin\u00faa extendi\u00e9ndose por todo Santo Domingo Norte como parte de una estrategia integral de formaci\u00f3n pol\u00edtica, cohesi\u00f3n partidaria y reafirmaci\u00f3n del liderazgo del presidente Luis Abinader, consolidando al PRM como el partido del cambio, la institucionalidad y el futuro.<\/p>\n<p>&nbsp;<\/p>\n<p>El conversatorio, celebrado en el local del PRM de Sabana Perdida Norte, cont\u00f3 con la participaci\u00f3n de la direcci\u00f3n ejecutiva regional, en un ambiente de formaci\u00f3n, di\u00e1logo y sentido de pertenencia.<\/p>\n<p>Entre los asistentes estuvieron Sammy de los Santos, Fabio Andr\u00e9 P\u00e9rez, Danilo S\u00e1nchez, Carmen Quezada, Ricardo Cordero, Maira Ferrera, Gaudy Ortega, Jefry J\u00e1quez, Tom\u00e1s Mart\u00ednez, Daulin Rivera, Jos\u00e9 Soto, Ferm\u00edn Ben\u00edtez, Bienvenido Garc\u00e9s, Meraldo Acevedo y Severiano Herrera, entre otros destacados dirigentes, quienes asumieron el compromiso de replicar el mensaje en las diferentes zonas del municipio.<img loading=\"lazy\" decoding=\"async\" class=\"alignnone size-medium wp-image-4317\" src=\"https:\/\/periodicolarepublica.com\/wp-content\/uploads\/2025\/11\/IMG-20251108-WA0067-300x200.jpg\" alt=\"\" width=\"300\" height=\"200\" srcset=\"https:\/\/periodicolarepublica.com\/wp-content\/uploads\/2025\/11\/IMG-20251108-WA0067-300x200.jpg?v=1762609908 300w, https:\/\/periodicolarepublica.com\/wp-content\/uploads\/2025\/11\/IMG-20251108-WA0067-1024x682.jpg?v=1762609908 1024w, https:\/\/periodicolarepublica.com\/wp-content\/uploads\/2025\/11\/IMG-20251108-WA0067-768x512.jpg?v=1762609908 768w, https:\/\/periodicolarepublica.com\/wp-content\/uploads\/2025\/11\/IMG-20251108-WA0067-1536x1023.jpg?v=1762609908 1536w, https:\/\/periodicolarepublica.com\/wp-content\/uploads\/2025\/11\/IMG-20251108-WA0067-150x100.jpg?v=1762609908 150w, https:\/\/periodicolarepublica.com\/wp-content\/uploads\/2025\/11\/IMG-20251108-WA0067-600x400.jpg?v=1762609908 600w, https:\/\/periodicolarepublica.com\/wp-content\/uploads\/2025\/11\/IMG-20251108-WA0067-696x464.jpg?v=1762609908 696w, https:\/\/periodicolarepublica.com\/wp-content\/uploads\/2025\/11\/IMG-20251108-WA0067-1392x927.jpg?v=1762609908 1392w, https:\/\/periodicolarepublica.com\/wp-content\/uploads\/2025\/11\/IMG-20251108-WA0067-1068x712.jpg?v=1762609908 1068w, https:\/\/periodicolarepublica.com\/wp-content\/uploads\/2025\/11\/IMG-20251108-WA0067.jpg?v=1762609908 1600w\" sizes=\"auto, (max-width: 300px) 100vw, 300px\" \/><\/p>\n","protected":false},"excerpt":{"rendered":"<p>Santo Domingo Norte.\u2013 El dirigente pol\u00edtico y comunitario Juan Herrera, trabaja junto a equipo en fortalecer el movimiento pol\u00edtico \u201cEl Poder del Orgullo Perreme\u00edsta\u201d, donde promueven la execelente gesti\u00f3n del presidente Luis Abinader y sus obras no solo en el municipio Santo Domingo Norte, si no en todo el &nbsp; Juan Herrera, encabez\u00f3 con miembro [&hellip;]<\/p>\n","protected":false},"author":10,"featured_media":4317,"comment_status":"open","ping_status":"open","sticky":false,"template":"","format":"standard","meta":{"om_disable_all_campaigns":false,"_monsterinsights_skip_tracking":false,"_monsterinsights_sitenote_active":false,"_monsterinsights_sitenote_note":"","_monsterinsights_sitenote_category":0,"footnotes":""},"categories":[1],"tags":[],"class_list":{"0":"post-4316","1":"post","2":"type-post","3":"status-publish","4":"format-standard","5":"has-post-thumbnail","7":"category-nacionales"},"aioseo_notices":[],"_links":{"self":[{"href":"https:\/\/periodicolarepublica.com\/index.php\/wp-json\/wp\/v2\/posts\/4316","targetHints":{"allow":["GET"]}}],"collection":[{"href":"https:\/\/periodicolarepublica.com\/index.php\/wp-json\/wp\/v2\/posts"}],"about":[{"href":"https:\/\/periodicolarepublica.com\/index.php\/wp-json\/wp\/v2\/types\/post"}],"author":[{"embeddable":true,"href":"https:\/\/periodicolarepublica.com\/index.php\/wp-json\/wp\/v2\/users\/10"}],"replies":[{"embeddable":true,"href":"https:\/\/periodicolarepublica.com\/index.php\/wp-json\/wp\/v2\/comments?post=4316"}],"version-history":[{"count":1,"href":"https:\/\/periodicolarepublica.com\/index.php\/wp-json\/wp\/v2\/posts\/4316\/revisions"}],"predecessor-version":[{"id":4318,"href":"https:\/\/periodicolarepublica.com\/index.php\/wp-json\/wp\/v2\/posts\/4316\/revisions\/4318"}],"wp:featuredmedia":[{"embeddable":true,"href":"https:\/\/periodicolarepublica.com\/index.php\/wp-json\/wp\/v2\/media\/4317"}],"wp:attachment":[{"href":"https:\/\/periodicolarepublica.com\/index.php\/wp-json\/wp\/v2\/media?parent=4316"}],"wp:term":[{"taxonomy":"category","embeddable":true,"href":"https:\/\/periodicolarepublica.com\/index.php\/wp-json\/wp\/v2\/categories?post=4316"},{"taxonomy":"post_tag","embeddable":true,"href":"https:\/\/periodicolarepublica.com\/index.php\/wp-json\/wp\/v2\/tags?post=4316"}],"curies":[{"name":"wp","href":"https:\/\/api.w.org\/{rel}","templated":true}]}}