{"id":432,"date":"2024-02-27T06:09:18","date_gmt":"2024-02-27T05:09:18","guid":{"rendered":"https:\/\/periodicolarepublica.com\/?p=432"},"modified":"2024-02-27T06:09:18","modified_gmt":"2024-02-27T05:09:18","slug":"julissa-morel-la-estratega-de-comunicacion-detras-de-la-victoria-de-dio-astacio","status":"publish","type":"post","link":"https:\/\/periodicolarepublica.com\/index.php\/2024\/02\/27\/julissa-morel-la-estratega-de-comunicacion-detras-de-la-victoria-de-dio-astacio\/","title":{"rendered":"Julissa Morel, la estratega de comunicaci\u00f3n detras de la victoria de Dio Astacio"},"content":{"rendered":"<p>&nbsp;<\/p>\n<p>&nbsp;<\/p>\n<p><img loading=\"lazy\" decoding=\"async\" class=\"alignnone size-medium wp-image-412\" src=\"https:\/\/periodicolarepublica.com\/wp-content\/uploads\/2024\/02\/Picsart_24-02-20_19-22-29-549-300x155.jpg\" alt=\"\" width=\"300\" height=\"155\" srcset=\"https:\/\/periodicolarepublica.com\/wp-content\/uploads\/2024\/02\/Picsart_24-02-20_19-22-29-549-300x155.jpg?v=1715379815 300w, https:\/\/periodicolarepublica.com\/wp-content\/uploads\/2024\/02\/Picsart_24-02-20_19-22-29-549-1024x529.jpg?v=1715379815 1024w, https:\/\/periodicolarepublica.com\/wp-content\/uploads\/2024\/02\/Picsart_24-02-20_19-22-29-549-768x397.jpg?v=1715379815 768w, https:\/\/periodicolarepublica.com\/wp-content\/uploads\/2024\/02\/Picsart_24-02-20_19-22-29-549-1536x794.jpg?v=1715379815 1536w, https:\/\/periodicolarepublica.com\/wp-content\/uploads\/2024\/02\/Picsart_24-02-20_19-22-29-549-2048x1059.jpg?v=1715379815 2048w, https:\/\/periodicolarepublica.com\/wp-content\/uploads\/2024\/02\/Picsart_24-02-20_19-22-29-549-150x78.jpg?v=1715379815 150w, https:\/\/periodicolarepublica.com\/wp-content\/uploads\/2024\/02\/Picsart_24-02-20_19-22-29-549-600x310.jpg?v=1715379815 600w, https:\/\/periodicolarepublica.com\/wp-content\/uploads\/2024\/02\/Picsart_24-02-20_19-22-29-549-696x360.jpg?v=1715379815 696w, https:\/\/periodicolarepublica.com\/wp-content\/uploads\/2024\/02\/Picsart_24-02-20_19-22-29-549-1392x720.jpg?v=1715379815 1392w, https:\/\/periodicolarepublica.com\/wp-content\/uploads\/2024\/02\/Picsart_24-02-20_19-22-29-549-1068x552.jpg?v=1715379815 1068w, https:\/\/periodicolarepublica.com\/wp-content\/uploads\/2024\/02\/Picsart_24-02-20_19-22-29-549-1920x993.jpg?v=1715379815 1920w\" sizes=\"auto, (max-width: 300px) 100vw, 300px\" \/><\/p>\n<p>El manejo eficiente de la comunicaci\u00f3n de un candidato en campa\u00f1a electoral es fundamental para lograr transmitir de manera efectiva sus propuestas, llegar a un mayor n\u00famero de votantes y generar una imagen positiva en la opini\u00f3n p\u00fablica. En el caso de la figura de Dio Astacio, quien salio victorioso en el reciente torneo electoral municipal, estando bajo el mando de la periodista Julissa Morel, trazando estrategias de comunicaci\u00f3n adecuada y bien planificada.<\/p>\n<p>Julissa Morel una periodista con una amplia trayectoria en el mundo de la comunicaci\u00f3n, es graduada de la Universidad Cat\u00f3lica Santo Domingo (UCSD), tambi\u00e9n cuenta con una maestr\u00eda en Relaciones P\u00fablicas de las universidades de Alcal\u00e1 de Henares y Centro Europeo de Postgrado (CEUPE) en Madrid, se ha destacado como maestra de ceremonias y voice over en diversos eventos y programas de televisi\u00f3n.<\/p>\n<p>Uno de los logros m\u00e1s destacados de Julissa Morel ha sido su participaci\u00f3n en la estrategia de comunicaci\u00f3n del candidato ganador a la alcald\u00eda de Santo Domingo Este, Dio Astacio. Gracias a su experiencia y conocimientos en el campo de las relaciones p\u00fablicas, Morel logr\u00f3 contribuir de manera significativa al triunfo de Astacio en las elecciones municipales.<\/p>\n<p>La comunicaci\u00f3n de un candidato en campa\u00f1a debe ser coherente y Dio Astacio mediante la estrategia de comunicaci\u00f3n, pudo conectar comunicandose de manera efectiva con los electores, y recibiendo apoyo de diferentes figuras de la comunicaci\u00f3n<\/p>\n<p>Adem\u00e1s, de Morel el equipo de comunicaci\u00f3n cont\u00f3 con Amelia Reyes, Madeline Pe\u00f1a, Ernesto Rodr\u00edguez y Abraham Nu\u00f1ez.<\/p>\n","protected":false},"excerpt":{"rendered":"<p>&nbsp; &nbsp; El manejo eficiente de la comunicaci\u00f3n de un candidato en campa\u00f1a electoral es fundamental para lograr transmitir de manera efectiva sus propuestas, llegar a un mayor n\u00famero de votantes y generar una imagen positiva en la opini\u00f3n p\u00fablica. En el caso de la figura de Dio Astacio, quien salio victorioso en el reciente [&hellip;]<\/p>\n","protected":false},"author":1,"featured_media":412,"comment_status":"open","ping_status":"open","sticky":false,"template":"","format":"standard","meta":{"om_disable_all_campaigns":false,"_monsterinsights_skip_tracking":false,"_monsterinsights_sitenote_active":false,"_monsterinsights_sitenote_note":"","_monsterinsights_sitenote_category":0,"footnotes":""},"categories":[127],"tags":[90],"class_list":{"0":"post-432","1":"post","2":"type-post","3":"status-publish","4":"format-standard","5":"has-post-thumbnail","7":"category-politica","8":"tag-dio-astacio"},"aioseo_notices":[],"_links":{"self":[{"href":"https:\/\/periodicolarepublica.com\/index.php\/wp-json\/wp\/v2\/posts\/432","targetHints":{"allow":["GET"]}}],"collection":[{"href":"https:\/\/periodicolarepublica.com\/index.php\/wp-json\/wp\/v2\/posts"}],"about":[{"href":"https:\/\/periodicolarepublica.com\/index.php\/wp-json\/wp\/v2\/types\/post"}],"author":[{"embeddable":true,"href":"https:\/\/periodicolarepublica.com\/index.php\/wp-json\/wp\/v2\/users\/1"}],"replies":[{"embeddable":true,"href":"https:\/\/periodicolarepublica.com\/index.php\/wp-json\/wp\/v2\/comments?post=432"}],"version-history":[{"count":1,"href":"https:\/\/periodicolarepublica.com\/index.php\/wp-json\/wp\/v2\/posts\/432\/revisions"}],"predecessor-version":[{"id":433,"href":"https:\/\/periodicolarepublica.com\/index.php\/wp-json\/wp\/v2\/posts\/432\/revisions\/433"}],"wp:featuredmedia":[{"embeddable":true,"href":"https:\/\/periodicolarepublica.com\/index.php\/wp-json\/wp\/v2\/media\/412"}],"wp:attachment":[{"href":"https:\/\/periodicolarepublica.com\/index.php\/wp-json\/wp\/v2\/media?parent=432"}],"wp:term":[{"taxonomy":"category","embeddable":true,"href":"https:\/\/periodicolarepublica.com\/index.php\/wp-json\/wp\/v2\/categories?post=432"},{"taxonomy":"post_tag","embeddable":true,"href":"https:\/\/periodicolarepublica.com\/index.php\/wp-json\/wp\/v2\/tags?post=432"}],"curies":[{"name":"wp","href":"https:\/\/api.w.org\/{rel}","templated":true}]}}