{"id":4323,"date":"2025-11-12T08:40:25","date_gmt":"2025-11-12T12:40:25","guid":{"rendered":"https:\/\/periodicolarepublica.com\/?p=4323"},"modified":"2025-11-12T08:40:25","modified_gmt":"2025-11-12T12:40:25","slug":"tomas-hernandez-alberto-arremete-contra-leonel-fernandez-por-populismo-barato-ante-el-apagon-nacional","status":"publish","type":"post","link":"https:\/\/periodicolarepublica.com\/index.php\/2025\/11\/12\/tomas-hernandez-alberto-arremete-contra-leonel-fernandez-por-populismo-barato-ante-el-apagon-nacional\/","title":{"rendered":"Tom\u00e1s Hern\u00e1ndez Alberto arremete contra Leonel Fern\u00e1ndez por \u201cpopulismo barato\u201d ante el apag\u00f3n nacional"},"content":{"rendered":"<p>Santo Domingo. \u2014 El dirigente pol\u00edtico Tom\u00e1s Hern\u00e1ndez Alberto arremeti\u00f3 con firmeza contra el expresidente Leonel Fern\u00e1ndez, calificando sus recientes declaraciones sobre el apag\u00f3n nacional como un acto de \u201cpopulismo barato\u201d y falta de memoria hist\u00f3rica, record\u00e1ndole que durante sus 12 a\u00f1os de gobierno la Rep\u00fablica Dominicana sufri\u00f3 m\u00e1s de 39 apagones nacionales y miles de fallas el\u00e9ctricas prolongadas en todo el territorio.<\/p>\n<p>&nbsp;<\/p>\n<p>Hern\u00e1ndez Alberto se\u00f1al\u00f3 que Leonel Fern\u00e1ndez no tiene calidad moral para hablar del sistema el\u00e9ctrico nacional, ya que fue precisamente durante sus mandatos cuando se vendieron empresas estatales estrat\u00e9gicas, debilitando la estructura energ\u00e9tica del pa\u00eds.<\/p>\n<p>&nbsp;<\/p>\n<p>&nbsp;<\/p>\n<p>\u201cLa historia est\u00e1 ah\u00ed. Durante los gobiernos de Leonel Fern\u00e1ndez el pueblo vivi\u00f3 en oscuridad, con apagones diarios y un sistema el\u00e9ctrico en ruinas. Hoy pretende culpar al presidente Luis Abinader por una falla general que ya est\u00e1 siendo atendida con transparencia y eficiencia. Eso es populismo barato y una burla al pueblo dominicano\u201d, expres\u00f3 Hern\u00e1ndez Alberto.<\/p>\n<p>&nbsp;<\/p>\n<p>&nbsp;<\/p>\n<p>El dirigente tambi\u00e9n resalt\u00f3 que el gobierno del presidente Luis Abinader ha demostrado capacidad de respuesta y responsabilidad, al actuar con rapidez ante la eventualidad, informando con claridad a la poblaci\u00f3n y garantizando la estabilidad del servicio el\u00e9ctrico.<\/p>\n<p>&nbsp;<\/p>\n<p>\u201cMientras otros gobiernos escond\u00edan la verdad, el presidente Abinader da la cara. Hoy tenemos un liderazgo que trabaja, no que improvisa. Por eso, el pueblo sabe diferenciar entre quienes construyen soluciones y quienes solo buscan titulares\u201d, a\u00f1adi\u00f3.<\/p>\n<p>&nbsp;<\/p>\n<p>Finalmente, Hern\u00e1ndez Alberto llam\u00f3 a la ciudadan\u00eda a no dejarse confundir por los discursos oportunistas de quienes ya tuvieron su oportunidad y fracasaron, reiterando su respaldo al trabajo constante del gobierno actual en favor de la modernizaci\u00f3n del sistema energ\u00e9tico nacional y del desarrollo del pa\u00eds.<img loading=\"lazy\" decoding=\"async\" class=\"size-medium wp-image-1804 alignright\" src=\"https:\/\/periodicolarepublica.com\/wp-content\/uploads\/2024\/10\/IMG-20240525-WA0100-300x200.jpg\" alt=\"\" width=\"300\" height=\"200\" srcset=\"https:\/\/periodicolarepublica.com\/wp-content\/uploads\/2024\/10\/IMG-20240525-WA0100-300x200.jpg?v=1727804560 300w, https:\/\/periodicolarepublica.com\/wp-content\/uploads\/2024\/10\/IMG-20240525-WA0100-1024x682.jpg?v=1727804560 1024w, https:\/\/periodicolarepublica.com\/wp-content\/uploads\/2024\/10\/IMG-20240525-WA0100-768x511.jpg?v=1727804560 768w, https:\/\/periodicolarepublica.com\/wp-content\/uploads\/2024\/10\/IMG-20240525-WA0100-150x100.jpg?v=1727804560 150w, https:\/\/periodicolarepublica.com\/wp-content\/uploads\/2024\/10\/IMG-20240525-WA0100-600x399.jpg?v=1727804560 600w, https:\/\/periodicolarepublica.com\/wp-content\/uploads\/2024\/10\/IMG-20240525-WA0100-696x463.jpg?v=1727804560 696w, https:\/\/periodicolarepublica.com\/wp-content\/uploads\/2024\/10\/IMG-20240525-WA0100-1068x711.jpg?v=1727804560 1068w, https:\/\/periodicolarepublica.com\/wp-content\/uploads\/2024\/10\/IMG-20240525-WA0100.jpg?v=1727804560 1080w\" sizes=\"auto, (max-width: 300px) 100vw, 300px\" \/><\/p>\n","protected":false},"excerpt":{"rendered":"<p>Santo Domingo. \u2014 El dirigente pol\u00edtico Tom\u00e1s Hern\u00e1ndez Alberto arremeti\u00f3 con firmeza contra el expresidente Leonel Fern\u00e1ndez, calificando sus recientes declaraciones sobre el apag\u00f3n nacional como un acto de \u201cpopulismo barato\u201d y falta de memoria hist\u00f3rica, record\u00e1ndole que durante sus 12 a\u00f1os de gobierno la Rep\u00fablica Dominicana sufri\u00f3 m\u00e1s de 39 apagones nacionales y miles [&hellip;]<\/p>\n","protected":false},"author":10,"featured_media":1804,"comment_status":"open","ping_status":"open","sticky":false,"template":"","format":"standard","meta":{"om_disable_all_campaigns":false,"_monsterinsights_skip_tracking":false,"_monsterinsights_sitenote_active":false,"_monsterinsights_sitenote_note":"","_monsterinsights_sitenote_category":0,"footnotes":""},"categories":[1],"tags":[163],"class_list":{"0":"post-4323","1":"post","2":"type-post","3":"status-publish","4":"format-standard","5":"has-post-thumbnail","7":"category-nacionales","8":"tag-tomas-hernandez-alberto"},"aioseo_notices":[],"_links":{"self":[{"href":"https:\/\/periodicolarepublica.com\/index.php\/wp-json\/wp\/v2\/posts\/4323","targetHints":{"allow":["GET"]}}],"collection":[{"href":"https:\/\/periodicolarepublica.com\/index.php\/wp-json\/wp\/v2\/posts"}],"about":[{"href":"https:\/\/periodicolarepublica.com\/index.php\/wp-json\/wp\/v2\/types\/post"}],"author":[{"embeddable":true,"href":"https:\/\/periodicolarepublica.com\/index.php\/wp-json\/wp\/v2\/users\/10"}],"replies":[{"embeddable":true,"href":"https:\/\/periodicolarepublica.com\/index.php\/wp-json\/wp\/v2\/comments?post=4323"}],"version-history":[{"count":1,"href":"https:\/\/periodicolarepublica.com\/index.php\/wp-json\/wp\/v2\/posts\/4323\/revisions"}],"predecessor-version":[{"id":4324,"href":"https:\/\/periodicolarepublica.com\/index.php\/wp-json\/wp\/v2\/posts\/4323\/revisions\/4324"}],"wp:featuredmedia":[{"embeddable":true,"href":"https:\/\/periodicolarepublica.com\/index.php\/wp-json\/wp\/v2\/media\/1804"}],"wp:attachment":[{"href":"https:\/\/periodicolarepublica.com\/index.php\/wp-json\/wp\/v2\/media?parent=4323"}],"wp:term":[{"taxonomy":"category","embeddable":true,"href":"https:\/\/periodicolarepublica.com\/index.php\/wp-json\/wp\/v2\/categories?post=4323"},{"taxonomy":"post_tag","embeddable":true,"href":"https:\/\/periodicolarepublica.com\/index.php\/wp-json\/wp\/v2\/tags?post=4323"}],"curies":[{"name":"wp","href":"https:\/\/api.w.org\/{rel}","templated":true}]}}