{"id":4329,"date":"2025-11-12T19:56:04","date_gmt":"2025-11-12T23:56:04","guid":{"rendered":"https:\/\/periodicolarepublica.com\/?p=4329"},"modified":"2025-11-12T19:56:04","modified_gmt":"2025-11-12T23:56:04","slug":"propeep-impulsa-emprendedores-con-apoyo-de-rd5-3-millones-en-equipos-y-herramientas-de-trabajo-a-traves-programa-renacer-contigo","status":"publish","type":"post","link":"https:\/\/periodicolarepublica.com\/index.php\/2025\/11\/12\/propeep-impulsa-emprendedores-con-apoyo-de-rd5-3-millones-en-equipos-y-herramientas-de-trabajo-a-traves-programa-renacer-contigo\/","title":{"rendered":"*Propeep impulsa emprendedores con apoyo de RD$5.3 millones en equipos y herramientas de trabajo a trav\u00e9s programa \u201cRenacer Contigo\u201d*"},"content":{"rendered":"<p>Destaca que gracias a alianzas con Promipyme, Adopem y La Nacional, 394 emprendedores abrieron su primera cuenta de ahorro, y 68 emprendedores accedieron a microcr\u00e9ditos productivos por un monto superior a RD$3.8 millones<\/p>\n<p>*Santo Domingo, RD*.\u2013 El director general de Proyectos Estrat\u00e9gicos y Especiales de la Presidencia (Propeep), Robert Polanco, encabez\u00f3 este mi\u00e9rcoles un acto de conmemoraci\u00f3n del D\u00eda Nacional del Emprendedor, ocasi\u00f3n en la que resalt\u00f3 los logros del programa \u201cRenacer Contigo\u201d, una iniciativa del Gobierno del presidente Luis Abinader orientada a fortalecer y formalizar a los emprendedores informales del pa\u00eds<\/p>\n<p>Durante su intervenci\u00f3n, Polanco afirm\u00f3 que la fecha es propicia para rendir homenaje a las dominicanas y los dominicanos que \u201ccon trabajo, pasi\u00f3n y determinaci\u00f3n convierten sus ideas en oportunidades y sus sue\u00f1os en realidades\u201d.<\/p>\n<p>*Impacto de \u201cRenacer Contigo\u201d*<\/p>\n<p>Robert Polanco record\u00f3 que el programa \u201cRenacer Contigo\u201d fue lanzado el pasado 21 de mayo en Santo Domingo Este con el prop\u00f3sito de acompa\u00f1ar a los emprendedores informales en su proceso de formalizaci\u00f3n, bancarizaci\u00f3n, capacitaci\u00f3n continua y fortalecimiento de sus unidades productivas.<\/p>\n<p>Explic\u00f3 que, desde su puesta en marcha, la iniciativa ha impactado directamente a 3,039 emprendedores de distintos sectores del Gran Santo Domingo, mediante charlas, asesor\u00edas financieras, talleres formativos y entrega de insumos.<\/p>\n<p>El funcionario manifest\u00f3 que, en esta nueva etapa, Propeep inici\u00f3 la entrega de RD$5.3 millones en art\u00edculos esenciales para impulsar y fortalecer los negocios de los emprendedores que completaron el ciclo formativo del programa.<\/p>\n<p>Polanco destac\u00f3 que, gracias a alianzas con instituciones como PROMIPYME, ADOPEM y La Nacional, 394 beneficiarios abrieron su primera cuenta de ahorro, y 68 emprendedores accedieron a microcr\u00e9ditos productivos por un monto superior a RD$3.8 millones.<\/p>\n<p>&nbsp;<\/p>\n<p>Signific\u00f3 que cada cuenta abierta y cada financiamiento otorgado representan pasos firmes hacia la independencia financiera y la inclusi\u00f3n social.<\/p>\n<p>&nbsp;<\/p>\n<p>*Enfoque en la capacitaci\u00f3n y la formalizaci\u00f3n*<\/p>\n<p>El funcionario enfatiz\u00f3 que Propeep cree firmemente que el desarrollo comienza con la educaci\u00f3n. Se\u00f1al\u00f3 que m\u00e1s de 700 emprendedores han sido capacitados en temas como administraci\u00f3n b\u00e1sica, manejo de inventarios, educaci\u00f3n financiera, marketing digital, atenci\u00f3n al cliente y desarrollo personal, en coordinaci\u00f3n con INFOTEP y otras entidades aliadas.<\/p>\n<p>Signific\u00f3 que no basta con ofrecer ayuda econ\u00f3mica o donar un electrodom\u00e9stico: \u201chay que ense\u00f1ar a sostener el crecimiento y garantizar que los proyectos se mantengan en el tiempo\u201d, subray\u00f3.<\/p>\n<p>Asimismo, indic\u00f3 que el programa ofrece acompa\u00f1amiento t\u00e9cnico y legal para que los beneficiarios puedan formalizar sus negocios, obtener su RNC, registrarse en la TSS y acceder a los beneficios que otorgan las leyes nacionales.<\/p>\n<p>En ese sentido, dijo que gracias a la articulaci\u00f3n institucional con la DGII y el Ministerio de Industria, Comercio y Mipymes, muchos de los emprendedores ya forman parte del sistema formal, lo que \u201cse traduce en m\u00e1s oportunidades, estabilidad y seguridad para sus familias\u201d.<\/p>\n<p>*Historias que inspiran*<\/p>\n<p>&nbsp;<\/p>\n<p>Durante su discurso, Polanco comparti\u00f3 historias que reflejan el impacto humano del programa, como el caso de Do\u00f1a Herminia (Paquita), una emprendedora de Santo Domingo Este con m\u00e1s de seis d\u00e9cadas vendiendo caf\u00e9 y t\u00e9; o los negocios de Ana Saz\u00f3n, en Pedro Brand, y Jos\u00e9 Fritura, en La Cuaba, que fueron remozados y fortalecidos por el equipo de Propeep.<\/p>\n<p>&nbsp;<\/p>\n<p>\u201cEstas son las historias que dan sentido a nuestro trabajo. Detr\u00e1s de cada n\u00famero hay una vida que cambia, una familia que progresa y una comunidad que renace\u201d, expres\u00f3 Polanco emocionado.<\/p>\n<p>&nbsp;<\/p>\n<p>*Compromiso con la inclusi\u00f3n social*<\/p>\n<p>&nbsp;<\/p>\n<p>Robert Polanco reafirm\u00f3 que Propeep trabaja bajo la visi\u00f3n del presidente Luis Abinader, quien ha reiterado que \u201cno hay desarrollo real sin inclusi\u00f3n social\u201d.<\/p>\n<p>&nbsp;<\/p>\n<p>\u201cRenacer Contigo es la prueba de que cuando se combinan la visi\u00f3n del Gobierno, la voluntad de progreso y el empoderamiento ciudadano, los resultados se ven. No hablamos solo de cifras, hablamos de transformaci\u00f3n real, esperanza y futuro\u201d, afirm\u00f3.<\/p>\n<p>&nbsp;<\/p>\n<p>Robert Polanco calific\u00f3 a los emprendedores como \u201clos verdaderos protagonistas de esta historia de cambio\u201d, exhort\u00e1ndolos a seguir adelante con fe y determinaci\u00f3n.<\/p>\n<p>&nbsp;<\/p>\n<p>De su lado, la directora del programa \u201cRenacer \u201cContigo, Carmen Blanc, destac\u00f3 los logros alcanzados en casi nueve meses de trabajo continuo.<\/p>\n<p>&nbsp;<\/p>\n<p>Blanc felicit\u00f3 a los emprendedores presentes, resaltando que representan el orgullo del pueblo dominicano, pues cada d\u00eda se levantan con determinaci\u00f3n para buscar el sustento de sus familias, reflejando el verdadero esp\u00edritu que impulsa el programa.<\/p>\n<p>&nbsp;<\/p>\n<p>&nbsp;<\/p>\n<p>*Direccion de Comunicaciones Propeep*<\/p>\n<p>12 de noviembre 2025<\/p>\n<p>&nbsp;<\/p>\n<blockquote><p><img loading=\"lazy\" decoding=\"async\" class=\"alignnone size-medium wp-image-4330\" src=\"https:\/\/periodicolarepublica.com\/wp-content\/uploads\/2025\/11\/IMG-20251112-WA0055-300x200.jpg\" alt=\"\" width=\"300\" height=\"200\" srcset=\"https:\/\/periodicolarepublica.com\/wp-content\/uploads\/2025\/11\/IMG-20251112-WA0055-300x200.jpg 300w, https:\/\/periodicolarepublica.com\/wp-content\/uploads\/2025\/11\/IMG-20251112-WA0055-1024x682.jpg 1024w, https:\/\/periodicolarepublica.com\/wp-content\/uploads\/2025\/11\/IMG-20251112-WA0055-768x512.jpg 768w, https:\/\/periodicolarepublica.com\/wp-content\/uploads\/2025\/11\/IMG-20251112-WA0055-150x100.jpg 150w, https:\/\/periodicolarepublica.com\/wp-content\/uploads\/2025\/11\/IMG-20251112-WA0055-600x400.jpg 600w, https:\/\/periodicolarepublica.com\/wp-content\/uploads\/2025\/11\/IMG-20251112-WA0055-696x464.jpg 696w, https:\/\/periodicolarepublica.com\/wp-content\/uploads\/2025\/11\/IMG-20251112-WA0055-1068x712.jpg 1068w, https:\/\/periodicolarepublica.com\/wp-content\/uploads\/2025\/11\/IMG-20251112-WA0055.jpg 1280w\" sizes=\"auto, (max-width: 300px) 100vw, 300px\" \/><\/p><\/blockquote>\n","protected":false},"excerpt":{"rendered":"<p>Destaca que gracias a alianzas con Promipyme, Adopem y La Nacional, 394 emprendedores abrieron su primera cuenta de ahorro, y 68 emprendedores accedieron a microcr\u00e9ditos productivos por un monto superior a RD$3.8 millones *Santo Domingo, RD*.\u2013 El director general de Proyectos Estrat\u00e9gicos y Especiales de la Presidencia (Propeep), Robert Polanco, encabez\u00f3 este mi\u00e9rcoles un acto [&hellip;]<\/p>\n","protected":false},"author":6,"featured_media":4330,"comment_status":"open","ping_status":"open","sticky":false,"template":"","format":"standard","meta":{"om_disable_all_campaigns":false,"_monsterinsights_skip_tracking":false,"_monsterinsights_sitenote_active":false,"_monsterinsights_sitenote_note":"","_monsterinsights_sitenote_category":0,"footnotes":""},"categories":[1],"tags":[],"class_list":{"0":"post-4329","1":"post","2":"type-post","3":"status-publish","4":"format-standard","5":"has-post-thumbnail","7":"category-nacionales"},"aioseo_notices":[],"_links":{"self":[{"href":"https:\/\/periodicolarepublica.com\/index.php\/wp-json\/wp\/v2\/posts\/4329","targetHints":{"allow":["GET"]}}],"collection":[{"href":"https:\/\/periodicolarepublica.com\/index.php\/wp-json\/wp\/v2\/posts"}],"about":[{"href":"https:\/\/periodicolarepublica.com\/index.php\/wp-json\/wp\/v2\/types\/post"}],"author":[{"embeddable":true,"href":"https:\/\/periodicolarepublica.com\/index.php\/wp-json\/wp\/v2\/users\/6"}],"replies":[{"embeddable":true,"href":"https:\/\/periodicolarepublica.com\/index.php\/wp-json\/wp\/v2\/comments?post=4329"}],"version-history":[{"count":1,"href":"https:\/\/periodicolarepublica.com\/index.php\/wp-json\/wp\/v2\/posts\/4329\/revisions"}],"predecessor-version":[{"id":4331,"href":"https:\/\/periodicolarepublica.com\/index.php\/wp-json\/wp\/v2\/posts\/4329\/revisions\/4331"}],"wp:featuredmedia":[{"embeddable":true,"href":"https:\/\/periodicolarepublica.com\/index.php\/wp-json\/wp\/v2\/media\/4330"}],"wp:attachment":[{"href":"https:\/\/periodicolarepublica.com\/index.php\/wp-json\/wp\/v2\/media?parent=4329"}],"wp:term":[{"taxonomy":"category","embeddable":true,"href":"https:\/\/periodicolarepublica.com\/index.php\/wp-json\/wp\/v2\/categories?post=4329"},{"taxonomy":"post_tag","embeddable":true,"href":"https:\/\/periodicolarepublica.com\/index.php\/wp-json\/wp\/v2\/tags?post=4329"}],"curies":[{"name":"wp","href":"https:\/\/api.w.org\/{rel}","templated":true}]}}