{"id":4332,"date":"2025-11-12T20:02:02","date_gmt":"2025-11-13T00:02:02","guid":{"rendered":"https:\/\/periodicolarepublica.com\/?p=4332"},"modified":"2025-11-12T20:02:02","modified_gmt":"2025-11-13T00:02:02","slug":"fuerza-de-tarea-sesiona-por-primera-vez-en-santiago-y-consolida-avances-en-seguridad-ciudadana","status":"publish","type":"post","link":"https:\/\/periodicolarepublica.com\/index.php\/2025\/11\/12\/fuerza-de-tarea-sesiona-por-primera-vez-en-santiago-y-consolida-avances-en-seguridad-ciudadana\/","title":{"rendered":"Fuerza de Tarea sesiona por primera vez en Santiago y consolida avances en seguridad ciudadana."},"content":{"rendered":"<p>a provincia de Santiago de los Caballeros registra una reducci\u00f3n hist\u00f3rica en la tasa de homicidios, que se sit\u00faa en 5.03 por cada 100 mil habitantes, como resultado de las acciones sostenidas de la Fuerza de Tarea Conjunta, el fortalecimiento del patrullaje y la incorporaci\u00f3n de nuevos agentes graduados recientemente, en el marco de la Reforma Policial. Asimismo, se sumar\u00e1n nuevos veh\u00edculos a las labores de patrullaje, con el prop\u00f3sito de continuar reforzando la seguridad ciudadana.<\/p>\n<p>&nbsp;<\/p>\n<p>La informaci\u00f3n fue ofrecida por la ministra de Interior y Polic\u00eda, Faride Raful, tras la reuni\u00f3n n\u00famero 114 de seguimiento al Plan de Seguridad Ciudadana, encabezada por la vicepresidenta Raquel Pe\u00f1a, y realizada por primera vez en esta provincia.<\/p>\n<p>&nbsp;<\/p>\n<p>Raful destac\u00f3 que el Gobierno continuar\u00e1 incrementando la inversi\u00f3n tecnol\u00f3gica para consolidar a Santiago como un referente nacional en materia de seguridad y convivencia pac\u00edfica, a trav\u00e9s de un modelo sostenible de prevenci\u00f3n y control. En ese sentido, anunci\u00f3 la instalaci\u00f3n de 400 nuevas c\u00e1maras de videovigilancia en puntos estrat\u00e9gicos de la ciudad, mediante el Sistema Nacional de Emergencias 9-1-1, con el apoyo del Instituto Dominicano de las Telecomunicaciones (INDOTEL). Adem\u00e1s, inform\u00f3 que en los pr\u00f3ximos seis meses ser\u00e1n creadas tres fiscal\u00edas comunitarias, con el objetivo de acercar la justicia a los barrios y fortalecer la articulaci\u00f3n institucional.<\/p>\n<p>&nbsp;<\/p>\n<p>La ministra explic\u00f3 que la provincia cuenta actualmente con 58 destacamentos policiales, los cuales ser\u00e1n tecnificados y equipados para mejorar la respuesta operativa. Agreg\u00f3 que fue retomado el compromiso de construir el Palacio de la Polic\u00eda de Santiago, cuyos fondos proceder\u00e1n del Ministerio P\u00fablico a trav\u00e9s de bienes confiscados.<\/p>\n<p>&nbsp;<\/p>\n<p>Asimismo, se\u00f1al\u00f3 que m\u00e1s de 5,000 luminarias han sido instaladas o sustituidas en el municipio, y que se reforzar\u00e1n las medidas de seguridad en zonas vulnerables con el apoyo del Ministerio de Defensa, en seguimiento a los compromisos asumidos en la Mesa de Seguridad, Ciudadan\u00eda y G\u00e9nero, celebrada esta semana junto a autoridades locales, juntas de vecinos y representantes de la sociedad civil.<\/p>\n<p>&nbsp;<\/p>\n<p>Respecto a los indicadores nacionales, Raful inform\u00f3 que la tasa acumulada de homicidios se ubica en 8.06 por cada 100 mil habitantes, con 26 provincias en un solo d\u00edgito y 8 en dos d\u00edgitos, destacando reducciones notables en territorios como Pedernales, gracias a operativos focalizados.<\/p>\n<p>&nbsp;<\/p>\n<p>Tambi\u00e9n precis\u00f3 una significativa disminuci\u00f3n en el robo de contadores el\u00e9ctricos, tras la intervenci\u00f3n de metaleras irregulares y la acci\u00f3n conjunta de la Polic\u00eda Nacional, el Ministerio P\u00fablico y los organismos de inteligencia, pasando de 580 casos en mayo de 2025 a 290 en octubre.<\/p>\n<p>Finalmente, inform\u00f3 que la Direcci\u00f3n General de Migraci\u00f3n repatri\u00f3 en la \u00faltima semana a 6,589 ciudadanos haitianos en condici\u00f3n irregular, en cumplimiento de las normas migratorias y de la pol\u00edtica de orden en el territorio nacional.<\/p>\n<p><img loading=\"lazy\" decoding=\"async\" class=\"alignnone size-medium wp-image-4333\" src=\"https:\/\/periodicolarepublica.com\/wp-content\/uploads\/2025\/11\/IMG-20251112-WA0059-300x225.jpg\" alt=\"\" width=\"300\" height=\"225\" srcset=\"https:\/\/periodicolarepublica.com\/wp-content\/uploads\/2025\/11\/IMG-20251112-WA0059-300x225.jpg 300w, https:\/\/periodicolarepublica.com\/wp-content\/uploads\/2025\/11\/IMG-20251112-WA0059-1024x768.jpg 1024w, https:\/\/periodicolarepublica.com\/wp-content\/uploads\/2025\/11\/IMG-20251112-WA0059-768x576.jpg 768w, https:\/\/periodicolarepublica.com\/wp-content\/uploads\/2025\/11\/IMG-20251112-WA0059-150x113.jpg 150w, https:\/\/periodicolarepublica.com\/wp-content\/uploads\/2025\/11\/IMG-20251112-WA0059-600x450.jpg 600w, https:\/\/periodicolarepublica.com\/wp-content\/uploads\/2025\/11\/IMG-20251112-WA0059-696x522.jpg 696w, https:\/\/periodicolarepublica.com\/wp-content\/uploads\/2025\/11\/IMG-20251112-WA0059-1068x801.jpg 1068w, https:\/\/periodicolarepublica.com\/wp-content\/uploads\/2025\/11\/IMG-20251112-WA0059-265x198.jpg 265w, https:\/\/periodicolarepublica.com\/wp-content\/uploads\/2025\/11\/IMG-20251112-WA0059-530x396.jpg 530w, https:\/\/periodicolarepublica.com\/wp-content\/uploads\/2025\/11\/IMG-20251112-WA0059.jpg 1280w\" sizes=\"auto, (max-width: 300px) 100vw, 300px\" \/><\/p>\n","protected":false},"excerpt":{"rendered":"<p>a provincia de Santiago de los Caballeros registra una reducci\u00f3n hist\u00f3rica en la tasa de homicidios, que se sit\u00faa en 5.03 por cada 100 mil habitantes, como resultado de las acciones sostenidas de la Fuerza de Tarea Conjunta, el fortalecimiento del patrullaje y la incorporaci\u00f3n de nuevos agentes graduados recientemente, en el marco de la [&hellip;]<\/p>\n","protected":false},"author":6,"featured_media":4333,"comment_status":"open","ping_status":"open","sticky":false,"template":"","format":"standard","meta":{"om_disable_all_campaigns":false,"_monsterinsights_skip_tracking":false,"_monsterinsights_sitenote_active":false,"_monsterinsights_sitenote_note":"","_monsterinsights_sitenote_category":0,"footnotes":""},"categories":[1],"tags":[],"class_list":{"0":"post-4332","1":"post","2":"type-post","3":"status-publish","4":"format-standard","5":"has-post-thumbnail","7":"category-nacionales"},"aioseo_notices":[],"_links":{"self":[{"href":"https:\/\/periodicolarepublica.com\/index.php\/wp-json\/wp\/v2\/posts\/4332","targetHints":{"allow":["GET"]}}],"collection":[{"href":"https:\/\/periodicolarepublica.com\/index.php\/wp-json\/wp\/v2\/posts"}],"about":[{"href":"https:\/\/periodicolarepublica.com\/index.php\/wp-json\/wp\/v2\/types\/post"}],"author":[{"embeddable":true,"href":"https:\/\/periodicolarepublica.com\/index.php\/wp-json\/wp\/v2\/users\/6"}],"replies":[{"embeddable":true,"href":"https:\/\/periodicolarepublica.com\/index.php\/wp-json\/wp\/v2\/comments?post=4332"}],"version-history":[{"count":1,"href":"https:\/\/periodicolarepublica.com\/index.php\/wp-json\/wp\/v2\/posts\/4332\/revisions"}],"predecessor-version":[{"id":4334,"href":"https:\/\/periodicolarepublica.com\/index.php\/wp-json\/wp\/v2\/posts\/4332\/revisions\/4334"}],"wp:featuredmedia":[{"embeddable":true,"href":"https:\/\/periodicolarepublica.com\/index.php\/wp-json\/wp\/v2\/media\/4333"}],"wp:attachment":[{"href":"https:\/\/periodicolarepublica.com\/index.php\/wp-json\/wp\/v2\/media?parent=4332"}],"wp:term":[{"taxonomy":"category","embeddable":true,"href":"https:\/\/periodicolarepublica.com\/index.php\/wp-json\/wp\/v2\/categories?post=4332"},{"taxonomy":"post_tag","embeddable":true,"href":"https:\/\/periodicolarepublica.com\/index.php\/wp-json\/wp\/v2\/tags?post=4332"}],"curies":[{"name":"wp","href":"https:\/\/api.w.org\/{rel}","templated":true}]}}