{"id":4335,"date":"2025-11-12T20:07:29","date_gmt":"2025-11-13T00:07:29","guid":{"rendered":"https:\/\/periodicolarepublica.com\/?p=4335"},"modified":"2025-11-12T20:07:29","modified_gmt":"2025-11-13T00:07:29","slug":"ministerio-de-educacion-convoca-a-mas-de-18-mil-estudiantes-a-la-tercera-convocatoria-de-pruebas-nacionales-2025","status":"publish","type":"post","link":"https:\/\/periodicolarepublica.com\/index.php\/2025\/11\/12\/ministerio-de-educacion-convoca-a-mas-de-18-mil-estudiantes-a-la-tercera-convocatoria-de-pruebas-nacionales-2025\/","title":{"rendered":"Ministerio de Educaci\u00f3n convoca a m\u00e1s de 18 mil estudiantes a la tercera convocatoria de Pruebas Nacionales 2025"},"content":{"rendered":"<p>El Ministerio de Educaci\u00f3n de la Rep\u00fablica Dominicana (MINERD) convoc\u00f3 a 18,722 estudiantes de los niveles Secundaria, Media y Adultos a participar en la tercera convocatoria de las Pruebas Nacionales 2025, que se llevar\u00e1 a cabo del jueves 13 al domingo 16 de noviembre en todo el territorio nacional.<\/p>\n<p>De acuerdo con el cronograma establecido, los estudiantes de Secundaria ser\u00e1n evaluados el jueves 13 en las \u00e1reas de Matem\u00e1tica y Ciencias Sociales, y el viernes 14 en Lengua Espa\u00f1ola y Ciencias de la Naturaleza. Mientras que los participantes de Media y Adultos tomar\u00e1n las pruebas el s\u00e1bado 15 en Matem\u00e1tica y Ciencias Sociales, y el domingo 16 en Lengua Espa\u00f1ola y Ciencias de la Naturaleza.<\/p>\n<p>Las jornadas se desarrollar\u00e1n en horario de 8:00 de la ma\u00f1ana a 12:30 del mediod\u00eda. Cada asignatura tendr\u00e1 una duraci\u00f3n de dos horas, con un receso de 20 minutos entre una y otra. El MINERD enfatiz\u00f3 la importancia de cumplir estrictamente con los horarios establecidos para garantizar el buen desarrollo del proceso y la adecuada organizaci\u00f3n en los centros aplicadores.<\/p>\n<p>&nbsp;<\/p>\n<p>En total, 13,513 estudiantes de Secundaria y 5,209 de Media y Adultos est\u00e1n convocados a participar en esta fase evaluativa, la cual constituye un paso esencial para la certificaci\u00f3n de estudios y la mejora continua de la calidad educativa.<\/p>\n<p>&nbsp;<\/p>\n<p>La Direcci\u00f3n de Evaluaci\u00f3n de los Aprendizajes, que organiza estas evaluaciones, exhort\u00f3 a las Direcciones Regionales y Distritales, as\u00ed como a los equipos de gesti\u00f3n de los centros educativos, a coordinar con rigor los aspectos log\u00edsticos y de apoyo necesarios para asegurar el \u00e9xito de la aplicaci\u00f3n.<\/p>\n<p>&nbsp;<\/p>\n<p>*Direcci\u00f3n de Comunicaciones*<\/p>\n<p><img loading=\"lazy\" decoding=\"async\" class=\"alignnone size-medium wp-image-4112\" src=\"https:\/\/periodicolarepublica.com\/wp-content\/uploads\/2025\/09\/cf3b3f5b4be54768316659cc54bc83cf-1-300x169.jpg\" alt=\"\" width=\"300\" height=\"169\" srcset=\"https:\/\/periodicolarepublica.com\/wp-content\/uploads\/2025\/09\/cf3b3f5b4be54768316659cc54bc83cf-1-300x169.jpg?v=1758897758 300w, https:\/\/periodicolarepublica.com\/wp-content\/uploads\/2025\/09\/cf3b3f5b4be54768316659cc54bc83cf-1-1024x576.jpg?v=1758897758 1024w, https:\/\/periodicolarepublica.com\/wp-content\/uploads\/2025\/09\/cf3b3f5b4be54768316659cc54bc83cf-1-768x432.jpg?v=1758897758 768w, https:\/\/periodicolarepublica.com\/wp-content\/uploads\/2025\/09\/cf3b3f5b4be54768316659cc54bc83cf-1-150x84.jpg?v=1758897758 150w, https:\/\/periodicolarepublica.com\/wp-content\/uploads\/2025\/09\/cf3b3f5b4be54768316659cc54bc83cf-1-600x337.jpg?v=1758897758 600w, https:\/\/periodicolarepublica.com\/wp-content\/uploads\/2025\/09\/cf3b3f5b4be54768316659cc54bc83cf-1-696x391.jpg?v=1758897758 696w, https:\/\/periodicolarepublica.com\/wp-content\/uploads\/2025\/09\/cf3b3f5b4be54768316659cc54bc83cf-1-1068x601.jpg?v=1758897758 1068w, https:\/\/periodicolarepublica.com\/wp-content\/uploads\/2025\/09\/cf3b3f5b4be54768316659cc54bc83cf-1.jpg?v=1758897758 1300w\" sizes=\"auto, (max-width: 300px) 100vw, 300px\" \/><\/p>\n","protected":false},"excerpt":{"rendered":"<p>El Ministerio de Educaci\u00f3n de la Rep\u00fablica Dominicana (MINERD) convoc\u00f3 a 18,722 estudiantes de los niveles Secundaria, Media y Adultos a participar en la tercera convocatoria de las Pruebas Nacionales 2025, que se llevar\u00e1 a cabo del jueves 13 al domingo 16 de noviembre en todo el territorio nacional. De acuerdo con el cronograma establecido, [&hellip;]<\/p>\n","protected":false},"author":6,"featured_media":4112,"comment_status":"open","ping_status":"open","sticky":false,"template":"","format":"standard","meta":{"om_disable_all_campaigns":false,"_monsterinsights_skip_tracking":false,"_monsterinsights_sitenote_active":false,"_monsterinsights_sitenote_note":"","_monsterinsights_sitenote_category":0,"footnotes":""},"categories":[1],"tags":[],"class_list":{"0":"post-4335","1":"post","2":"type-post","3":"status-publish","4":"format-standard","5":"has-post-thumbnail","7":"category-nacionales"},"aioseo_notices":[],"_links":{"self":[{"href":"https:\/\/periodicolarepublica.com\/index.php\/wp-json\/wp\/v2\/posts\/4335","targetHints":{"allow":["GET"]}}],"collection":[{"href":"https:\/\/periodicolarepublica.com\/index.php\/wp-json\/wp\/v2\/posts"}],"about":[{"href":"https:\/\/periodicolarepublica.com\/index.php\/wp-json\/wp\/v2\/types\/post"}],"author":[{"embeddable":true,"href":"https:\/\/periodicolarepublica.com\/index.php\/wp-json\/wp\/v2\/users\/6"}],"replies":[{"embeddable":true,"href":"https:\/\/periodicolarepublica.com\/index.php\/wp-json\/wp\/v2\/comments?post=4335"}],"version-history":[{"count":1,"href":"https:\/\/periodicolarepublica.com\/index.php\/wp-json\/wp\/v2\/posts\/4335\/revisions"}],"predecessor-version":[{"id":4336,"href":"https:\/\/periodicolarepublica.com\/index.php\/wp-json\/wp\/v2\/posts\/4335\/revisions\/4336"}],"wp:featuredmedia":[{"embeddable":true,"href":"https:\/\/periodicolarepublica.com\/index.php\/wp-json\/wp\/v2\/media\/4112"}],"wp:attachment":[{"href":"https:\/\/periodicolarepublica.com\/index.php\/wp-json\/wp\/v2\/media?parent=4335"}],"wp:term":[{"taxonomy":"category","embeddable":true,"href":"https:\/\/periodicolarepublica.com\/index.php\/wp-json\/wp\/v2\/categories?post=4335"},{"taxonomy":"post_tag","embeddable":true,"href":"https:\/\/periodicolarepublica.com\/index.php\/wp-json\/wp\/v2\/tags?post=4335"}],"curies":[{"name":"wp","href":"https:\/\/api.w.org\/{rel}","templated":true}]}}