{"id":4337,"date":"2025-11-12T20:13:01","date_gmt":"2025-11-13T00:13:01","guid":{"rendered":"https:\/\/periodicolarepublica.com\/?p=4337"},"modified":"2025-11-12T20:13:01","modified_gmt":"2025-11-13T00:13:01","slug":"ministro-joel-santos-resalta-rapida-recuperacion-del-sistema-electrico-y-rol-clave-de-las-hidroelectricas","status":"publish","type":"post","link":"https:\/\/periodicolarepublica.com\/index.php\/2025\/11\/12\/ministro-joel-santos-resalta-rapida-recuperacion-del-sistema-electrico-y-rol-clave-de-las-hidroelectricas\/","title":{"rendered":"Ministro Joel Santos resalta r\u00e1pida recuperaci\u00f3n del sistema el\u00e9ctrico y rol clave de las hidroel\u00e9ctricas*"},"content":{"rendered":"<p>Explic\u00f3 que las plantas hidroel\u00e9ctricas fueron determinantes en el proceso de reactivaci\u00f3n del sistema el\u00e9ctrico nacional_<\/p>\n<p>*SANTO DOMINGO* El ministro de Energ\u00eda y Minas, Joel Santos, resalt\u00f3 la r\u00e1pida respuesta t\u00e9cnica que permiti\u00f3 restablecer el servicio el\u00e9ctrico nacional en tiempo razonable, tras la aver\u00eda ocurrida en la subestaci\u00f3n San Pedro I, que provoc\u00f3 un apag\u00f3n general la tarde del martes.<\/p>\n<p>&nbsp;<\/p>\n<p>\u201cLuego del evento no se gener\u00f3 ning\u00fan otro incidente en el sistema, lo que nos permiti\u00f3 avanzar r\u00e1pidamente en el proceso de restablecimiento. Tomando en cuenta la complejidad del sistema, logramos completar el restablecimiento en un tiempo bastante r\u00e1pido, siguiendo todos los protocolos establecidos\u201d, explic\u00f3 el ministro.<\/p>\n<p>&nbsp;<\/p>\n<p>Agrego: \u201cLa r\u00e1pida restauraci\u00f3n del servicio muestra tambi\u00e9n un sistema robusto y maduro que asegura resiliencia frente a estas situaciones\u201d.<\/p>\n<p>&nbsp;<\/p>\n<p>El titular del MEM destac\u00f3 la importancia de las plantas hidroel\u00e9ctricas durante el proceso de recuperaci\u00f3n, al se\u00f1alar que fueron esenciales para reactivar el sistema.<\/p>\n<p>&nbsp;<\/p>\n<p>\u201cLas hidroel\u00e9ctricas jugaron un papel fundamental, ya que proporcionaron la energ\u00eda inicial necesaria para crear tensi\u00f3n en las l\u00edneas de transmisi\u00f3n y permitir la entrada gradual del resto de las unidades generadoras\u201d, indic\u00f3 Santos.<\/p>\n<p>&nbsp;<\/p>\n<p>El ministro detall\u00f3 que el proceso de reconexi\u00f3n debe hacerse de forma t\u00e9cnica y ordenada para garantizar la estabilidad del sistema.<\/p>\n<p>&nbsp;<\/p>\n<p>\u201cNo es posible encender todas las plantas al mismo tiempo; debe seguirse una secuencia precisa que asegure la estabilidad y evite un nuevo apag\u00f3n. Aun as\u00ed, logramos restablecer la generaci\u00f3n total a las 2:20 de la madrugada\u201d, agreg\u00f3.<\/p>\n<p>&nbsp;<\/p>\n<p>Durante el proceso de restablecimiento del servicio el\u00e9ctrico, el ministro Joel Santos destac\u00f3 el papel decisivo de la Empresa de Transmisi\u00f3n El\u00e9ctrica Dominicana (ETED) y de las Empresas Distribuidoras de Electricidad (EDEs), cuya labor conjunta fue fundamental para la recuperaci\u00f3n total del sistema.<\/p>\n<p>&nbsp;<\/p>\n<p>\u201cLa ETED asumi\u00f3 un rol protag\u00f3nico en la revisi\u00f3n y normalizaci\u00f3n de las l\u00edneas de transmisi\u00f3n, restableciendo la estabilidad y sincronizaci\u00f3n del sistema interconectado, mientras que las EDEs desempe\u00f1aron una funci\u00f3n clave en la coordinaci\u00f3n del cierre de los circuitos y la reposici\u00f3n gradual del servicio a los usuarios. Esta articulaci\u00f3n t\u00e9cnica y operativa entre las instituciones del sector permiti\u00f3 una recuperaci\u00f3n ordenada, segura y eficiente, garantizando que la energ\u00eda llegara nuevamente a los hogares y a la actividad productiva del pa\u00eds en el menor tiempo posible\u201d, indic\u00f3.<\/p>\n<p>&nbsp;<\/p>\n<p>Santos inform\u00f3, adem\u00e1s, que el Comit\u00e9 de Fallas del Organismo Coordinador se reuni\u00f3 y analiz\u00f3 la secuencia de hechos de la eventualidad ocurrida ayer, con el prop\u00f3sito de profundizar en las investigaciones t\u00e9cnicas, determinar las causas exactas del evento y fortalecer los protocolos de prevenci\u00f3n. La pr\u00f3xima reuni\u00f3n est\u00e1 pautada para el viernes.<\/p>\n<p>&nbsp;<\/p>\n<p>\u201cEsperaremos los resultados de la investigaci\u00f3n t\u00e9cnica, que ser\u00e1 rigurosa y objetiva. Lo importante es aprender de este evento y reforzar las medidas para evitar que algo similar vuelva a ocurrir\u201d, subray\u00f3 el funcionario.<\/p>\n<p>&nbsp;<\/p>\n<p>*Direcci\u00f3n de Comunicaciones*<\/p>\n<p>12 de noviembre de 2025<\/p>\n<p><img loading=\"lazy\" decoding=\"async\" class=\"alignnone size-medium wp-image-2911\" src=\"https:\/\/periodicolarepublica.com\/wp-content\/uploads\/2025\/03\/fachada-MEM-1-e1751293560273-300x167.webp\" alt=\"\" width=\"300\" height=\"167\" srcset=\"https:\/\/periodicolarepublica.com\/wp-content\/uploads\/2025\/03\/fachada-MEM-1-e1751293560273-300x167.webp 300w, https:\/\/periodicolarepublica.com\/wp-content\/uploads\/2025\/03\/fachada-MEM-1-e1751293560273-1024x569.webp 1024w, https:\/\/periodicolarepublica.com\/wp-content\/uploads\/2025\/03\/fachada-MEM-1-e1751293560273-768x427.webp 768w, https:\/\/periodicolarepublica.com\/wp-content\/uploads\/2025\/03\/fachada-MEM-1-e1751293560273-150x83.webp 150w, https:\/\/periodicolarepublica.com\/wp-content\/uploads\/2025\/03\/fachada-MEM-1-e1751293560273-600x334.webp 600w, https:\/\/periodicolarepublica.com\/wp-content\/uploads\/2025\/03\/fachada-MEM-1-e1751293560273-696x387.webp 696w, https:\/\/periodicolarepublica.com\/wp-content\/uploads\/2025\/03\/fachada-MEM-1-e1751293560273-1068x594.webp 1068w, https:\/\/periodicolarepublica.com\/wp-content\/uploads\/2025\/03\/fachada-MEM-1-e1751293560273.webp 1295w\" sizes=\"auto, (max-width: 300px) 100vw, 300px\" \/><\/p>\n","protected":false},"excerpt":{"rendered":"<p>Explic\u00f3 que las plantas hidroel\u00e9ctricas fueron determinantes en el proceso de reactivaci\u00f3n del sistema el\u00e9ctrico nacional_ *SANTO DOMINGO* El ministro de Energ\u00eda y Minas, Joel Santos, resalt\u00f3 la r\u00e1pida respuesta t\u00e9cnica que permiti\u00f3 restablecer el servicio el\u00e9ctrico nacional en tiempo razonable, tras la aver\u00eda ocurrida en la subestaci\u00f3n San Pedro I, que provoc\u00f3 un apag\u00f3n [&hellip;]<\/p>\n","protected":false},"author":6,"featured_media":2911,"comment_status":"open","ping_status":"open","sticky":false,"template":"","format":"standard","meta":{"om_disable_all_campaigns":false,"_monsterinsights_skip_tracking":false,"_monsterinsights_sitenote_active":false,"_monsterinsights_sitenote_note":"","_monsterinsights_sitenote_category":0,"footnotes":""},"categories":[1],"tags":[],"class_list":{"0":"post-4337","1":"post","2":"type-post","3":"status-publish","4":"format-standard","5":"has-post-thumbnail","7":"category-nacionales"},"aioseo_notices":[],"_links":{"self":[{"href":"https:\/\/periodicolarepublica.com\/index.php\/wp-json\/wp\/v2\/posts\/4337","targetHints":{"allow":["GET"]}}],"collection":[{"href":"https:\/\/periodicolarepublica.com\/index.php\/wp-json\/wp\/v2\/posts"}],"about":[{"href":"https:\/\/periodicolarepublica.com\/index.php\/wp-json\/wp\/v2\/types\/post"}],"author":[{"embeddable":true,"href":"https:\/\/periodicolarepublica.com\/index.php\/wp-json\/wp\/v2\/users\/6"}],"replies":[{"embeddable":true,"href":"https:\/\/periodicolarepublica.com\/index.php\/wp-json\/wp\/v2\/comments?post=4337"}],"version-history":[{"count":1,"href":"https:\/\/periodicolarepublica.com\/index.php\/wp-json\/wp\/v2\/posts\/4337\/revisions"}],"predecessor-version":[{"id":4338,"href":"https:\/\/periodicolarepublica.com\/index.php\/wp-json\/wp\/v2\/posts\/4337\/revisions\/4338"}],"wp:featuredmedia":[{"embeddable":true,"href":"https:\/\/periodicolarepublica.com\/index.php\/wp-json\/wp\/v2\/media\/2911"}],"wp:attachment":[{"href":"https:\/\/periodicolarepublica.com\/index.php\/wp-json\/wp\/v2\/media?parent=4337"}],"wp:term":[{"taxonomy":"category","embeddable":true,"href":"https:\/\/periodicolarepublica.com\/index.php\/wp-json\/wp\/v2\/categories?post=4337"},{"taxonomy":"post_tag","embeddable":true,"href":"https:\/\/periodicolarepublica.com\/index.php\/wp-json\/wp\/v2\/tags?post=4337"}],"curies":[{"name":"wp","href":"https:\/\/api.w.org\/{rel}","templated":true}]}}