{"id":4339,"date":"2025-11-13T08:35:49","date_gmt":"2025-11-13T12:35:49","guid":{"rendered":"https:\/\/periodicolarepublica.com\/?p=4339"},"modified":"2025-11-13T08:35:49","modified_gmt":"2025-11-13T12:35:49","slug":"tomas-hernandez-alberto-resalta-la-trayectoria-ejemplar-los-valores-firmes-y-el-liderazgo-transformador-de-jose-ignacio-paliza","status":"publish","type":"post","link":"https:\/\/periodicolarepublica.com\/index.php\/2025\/11\/13\/tomas-hernandez-alberto-resalta-la-trayectoria-ejemplar-los-valores-firmes-y-el-liderazgo-transformador-de-jose-ignacio-paliza\/","title":{"rendered":"Tom\u00e1s Hern\u00e1ndez Alberto resalta la trayectoria ejemplar, los valores firmes y el liderazgo transformador de Jos\u00e9 Ignacio Paliza"},"content":{"rendered":"<p>\u201cJos\u00e9 Ignacio Paliza es un orgullo de Puerto Plata y un s\u00edmbolo nacional de la pol\u00edtica decente, moderna y transparente que encarna el presidente Luis Abinader y el PRM\u201d, expres\u00f3 Tom\u00e1s Hern\u00e1ndez Alberto.<\/p>\n<p>&nbsp;<\/p>\n<p>Santo Domingo, R.D. \u2014 El dirigente pol\u00edtico Tom\u00e1s Hern\u00e1ndez Alberto destac\u00f3 la trayectoria ejemplar, los valores inquebrantables y la integridad del ministro de la Presidencia y presidente del Partido Revolucionario Moderno (PRM), Jos\u00e9 Ignacio Paliza, a quien defini\u00f3 como \u201cuno de los l\u00edderes m\u00e1s honestos, trabajadores y comprometidos con el cambio \u00e9tico y moral que vive la Rep\u00fablica Dominicana.\u201d<\/p>\n<p>&nbsp;<\/p>\n<p>Hern\u00e1ndez Alberto record\u00f3 que conoce a Paliza desde sus primeros a\u00f1os en la militancia pol\u00edtica, cuando se formaba en el seno del entonces Partido Revolucionario Dominicano (PRD). Desde entonces, asegur\u00f3, Paliza mostr\u00f3 una profunda vocaci\u00f3n de servicio p\u00fablico, una conducta intachable y una visi\u00f3n clara del pa\u00eds, siempre orientada a la transparencia, la justicia social y el desarrollo humano<\/p>\n<p>&nbsp;<\/p>\n<p>\u201cHe sido testigo del crecimiento pol\u00edtico y personal de Jos\u00e9 Ignacio Paliza. Siempre fue un joven serio, respetuoso, de palabra firme y principios s\u00f3lidos. Hoy, sigue siendo el mismo hombre responsable y \u00e9tico que comenz\u00f3 su carrera con humildad y compromiso\u201d, afirm\u00f3 Hern\u00e1ndez Alberto.<\/p>\n<p>&nbsp;<\/p>\n<p>Oriundo de Puerto Plata, Paliza ha desarrollado una brillante carrera pol\u00edtica que lo ha convertido en referente de la nueva generaci\u00f3n de l\u00edderes dominicanos. Fue diputado de la Rep\u00fablica, reconocido por su trabajo legislativo coherente y responsable; luego se convirti\u00f3 en el senador m\u00e1s joven del pa\u00eds, representando con orgullo y eficacia a su provincia natal.<\/p>\n<p>&nbsp;<\/p>\n<p>En 2018, asumi\u00f3 la presidencia del PRM, cargo que ha desempe\u00f1ado con visi\u00f3n unificadora, liderazgo sereno y sentido institucional. Bajo su direcci\u00f3n, el PRM se consolid\u00f3 como la principal fuerza pol\u00edtica del pa\u00eds y, junto al presidente Luis Abinader, condujo el cambio pol\u00edtico m\u00e1s importante en d\u00e9cadas, basado en la transparencia, la decencia y el servicio al pueblo.<\/p>\n<p>Actualmente, desde su posici\u00f3n como ministro de la Presidencia, Jos\u00e9 Ignacio Paliza ha demostrado capacidad gerencial, compromiso con la eficiencia y una lealtad absoluta a los principios \u00e9ticos que definen al gobierno del presidente Abinader.<\/p>\n<p>\u201cPaliza es un referente de la nueva pol\u00edtica dominicana. Ha sabido combinar juventud con madurez, firmeza con sensibilidad y liderazgo con cercan\u00eda al pueblo. Es un hombre de familia, con una formaci\u00f3n s\u00f3lida y una entrega diaria al servicio p\u00fablico\u201d, destac\u00f3 Hern\u00e1ndez Alberto.<\/p>\n<p>El dirigente pol\u00edtico tambi\u00e9n lament\u00f3 los ataques y cr\u00edticas injustificadas que algunos sectores de la oposici\u00f3n y ciertos comunicadores lanzan contra Paliza, calific\u00e1ndolos como intentos desesperados de empa\u00f1ar una figura p\u00fablica transparente, limpia y con resultados comprobables.<\/p>\n<p>\u201cJos\u00e9 Ignacio Paliza. Se le reconoce por hechos. Es uno de los funcionarios m\u00e1s trabajadores, respetados y transparentes del pa\u00eds. Su hoja de servicio est\u00e1 limpia, su conducta es ejemplar y su compromiso con el pueblo dominicano es incuestionable\u201d, enfatiz\u00f3 Hern\u00e1ndez Alberto.<\/p>\n<p>Finalmente, Hern\u00e1ndez Alberto afirm\u00f3 que Jos\u00e9 Ignacio Paliza encarna los valores de la nueva generaci\u00f3n pol\u00edtica que necesita la Rep\u00fablica Dominicana: honestidad, preparaci\u00f3n, humildad, servicio y profundo amor por la patria.<\/p>\n<p>\u201cPaliza representa el relevo confiable, el liderazgo \u00e9tico y el futuro de la pol\u00edtica dominicana. Es el mejor ejemplo de que se puede servir al pa\u00eds con decencia, entrega y resultados\u201d, concluy\u00f3.<img loading=\"lazy\" decoding=\"async\" class=\"size-medium wp-image-4155 alignright\" src=\"https:\/\/periodicolarepublica.com\/wp-content\/uploads\/2025\/10\/IMG_20251010_215446-300x278.jpg\" alt=\"\" width=\"300\" height=\"278\" srcset=\"https:\/\/periodicolarepublica.com\/wp-content\/uploads\/2025\/10\/IMG_20251010_215446-300x278.jpg?v=1760148297 300w, https:\/\/periodicolarepublica.com\/wp-content\/uploads\/2025\/10\/IMG_20251010_215446-1024x948.jpg?v=1760148297 1024w, https:\/\/periodicolarepublica.com\/wp-content\/uploads\/2025\/10\/IMG_20251010_215446-768x711.jpg?v=1760148297 768w, https:\/\/periodicolarepublica.com\/wp-content\/uploads\/2025\/10\/IMG_20251010_215446-1536x1423.jpg?v=1760148297 1536w, https:\/\/periodicolarepublica.com\/wp-content\/uploads\/2025\/10\/IMG_20251010_215446-2048x1897.jpg?v=1760148297 2048w, https:\/\/periodicolarepublica.com\/wp-content\/uploads\/2025\/10\/IMG_20251010_215446-150x139.jpg?v=1760148297 150w, https:\/\/periodicolarepublica.com\/wp-content\/uploads\/2025\/10\/IMG_20251010_215446-600x556.jpg?v=1760148297 600w, https:\/\/periodicolarepublica.com\/wp-content\/uploads\/2025\/10\/IMG_20251010_215446-696x645.jpg?v=1760148297 696w, https:\/\/periodicolarepublica.com\/wp-content\/uploads\/2025\/10\/IMG_20251010_215446-1392x1289.jpg?v=1760148297 1392w, https:\/\/periodicolarepublica.com\/wp-content\/uploads\/2025\/10\/IMG_20251010_215446-1068x989.jpg?v=1760148297 1068w, https:\/\/periodicolarepublica.com\/wp-content\/uploads\/2025\/10\/IMG_20251010_215446-1920x1778.jpg?v=1760148297 1920w\" sizes=\"auto, (max-width: 300px) 100vw, 300px\" \/><\/p>\n","protected":false},"excerpt":{"rendered":"<p>\u201cJos\u00e9 Ignacio Paliza es un orgullo de Puerto Plata y un s\u00edmbolo nacional de la pol\u00edtica decente, moderna y transparente que encarna el presidente Luis Abinader y el PRM\u201d, expres\u00f3 Tom\u00e1s Hern\u00e1ndez Alberto. &nbsp; Santo Domingo, R.D. \u2014 El dirigente pol\u00edtico Tom\u00e1s Hern\u00e1ndez Alberto destac\u00f3 la trayectoria ejemplar, los valores inquebrantables y la integridad del [&hellip;]<\/p>\n","protected":false},"author":10,"featured_media":4155,"comment_status":"open","ping_status":"open","sticky":false,"template":"","format":"standard","meta":{"om_disable_all_campaigns":false,"_monsterinsights_skip_tracking":false,"_monsterinsights_sitenote_active":false,"_monsterinsights_sitenote_note":"","_monsterinsights_sitenote_category":0,"footnotes":""},"categories":[1],"tags":[],"class_list":{"0":"post-4339","1":"post","2":"type-post","3":"status-publish","4":"format-standard","5":"has-post-thumbnail","7":"category-nacionales"},"aioseo_notices":[],"_links":{"self":[{"href":"https:\/\/periodicolarepublica.com\/index.php\/wp-json\/wp\/v2\/posts\/4339","targetHints":{"allow":["GET"]}}],"collection":[{"href":"https:\/\/periodicolarepublica.com\/index.php\/wp-json\/wp\/v2\/posts"}],"about":[{"href":"https:\/\/periodicolarepublica.com\/index.php\/wp-json\/wp\/v2\/types\/post"}],"author":[{"embeddable":true,"href":"https:\/\/periodicolarepublica.com\/index.php\/wp-json\/wp\/v2\/users\/10"}],"replies":[{"embeddable":true,"href":"https:\/\/periodicolarepublica.com\/index.php\/wp-json\/wp\/v2\/comments?post=4339"}],"version-history":[{"count":1,"href":"https:\/\/periodicolarepublica.com\/index.php\/wp-json\/wp\/v2\/posts\/4339\/revisions"}],"predecessor-version":[{"id":4340,"href":"https:\/\/periodicolarepublica.com\/index.php\/wp-json\/wp\/v2\/posts\/4339\/revisions\/4340"}],"wp:featuredmedia":[{"embeddable":true,"href":"https:\/\/periodicolarepublica.com\/index.php\/wp-json\/wp\/v2\/media\/4155"}],"wp:attachment":[{"href":"https:\/\/periodicolarepublica.com\/index.php\/wp-json\/wp\/v2\/media?parent=4339"}],"wp:term":[{"taxonomy":"category","embeddable":true,"href":"https:\/\/periodicolarepublica.com\/index.php\/wp-json\/wp\/v2\/categories?post=4339"},{"taxonomy":"post_tag","embeddable":true,"href":"https:\/\/periodicolarepublica.com\/index.php\/wp-json\/wp\/v2\/tags?post=4339"}],"curies":[{"name":"wp","href":"https:\/\/api.w.org\/{rel}","templated":true}]}}