{"id":434,"date":"2024-03-04T15:35:56","date_gmt":"2024-03-04T14:35:56","guid":{"rendered":"https:\/\/periodicolarepublica.com\/?p=434"},"modified":"2024-03-04T15:35:56","modified_gmt":"2024-03-04T14:35:56","slug":"programa-la-republica-realiza-cobertura-especial-desde-bogota-en-anato","status":"publish","type":"post","link":"https:\/\/periodicolarepublica.com\/index.php\/2024\/03\/04\/programa-la-republica-realiza-cobertura-especial-desde-bogota-en-anato\/","title":{"rendered":"Programa La Rep\u00fablica realiza cobertura especial desde Bogot\u00e1 en ANATO"},"content":{"rendered":"<p><img loading=\"lazy\" decoding=\"async\" class=\"alignnone size-medium wp-image-435\" src=\"https:\/\/periodicolarepublica.com\/wp-content\/uploads\/2024\/03\/Picsart_24-03-04_10-03-38-333-300x158.jpg\" alt=\"\" width=\"300\" height=\"158\" srcset=\"https:\/\/periodicolarepublica.com\/wp-content\/uploads\/2024\/03\/Picsart_24-03-04_10-03-38-333-300x158.jpg?v=1715379813 300w, https:\/\/periodicolarepublica.com\/wp-content\/uploads\/2024\/03\/Picsart_24-03-04_10-03-38-333-1024x538.jpg?v=1715379813 1024w, https:\/\/periodicolarepublica.com\/wp-content\/uploads\/2024\/03\/Picsart_24-03-04_10-03-38-333-768x403.jpg?v=1715379813 768w, https:\/\/periodicolarepublica.com\/wp-content\/uploads\/2024\/03\/Picsart_24-03-04_10-03-38-333-1536x807.jpg?v=1715379813 1536w, https:\/\/periodicolarepublica.com\/wp-content\/uploads\/2024\/03\/Picsart_24-03-04_10-03-38-333-2048x1075.jpg?v=1715379813 2048w, https:\/\/periodicolarepublica.com\/wp-content\/uploads\/2024\/03\/Picsart_24-03-04_10-03-38-333-150x79.jpg?v=1715379813 150w, https:\/\/periodicolarepublica.com\/wp-content\/uploads\/2024\/03\/Picsart_24-03-04_10-03-38-333-600x315.jpg?v=1715379813 600w, https:\/\/periodicolarepublica.com\/wp-content\/uploads\/2024\/03\/Picsart_24-03-04_10-03-38-333-696x365.jpg?v=1715379813 696w, https:\/\/periodicolarepublica.com\/wp-content\/uploads\/2024\/03\/Picsart_24-03-04_10-03-38-333-1392x731.jpg?v=1715379813 1392w, https:\/\/periodicolarepublica.com\/wp-content\/uploads\/2024\/03\/Picsart_24-03-04_10-03-38-333-1068x561.jpg?v=1715379813 1068w, https:\/\/periodicolarepublica.com\/wp-content\/uploads\/2024\/03\/Picsart_24-03-04_10-03-38-333-1920x1008.jpg?v=1715379813 1920w\" sizes=\"auto, (max-width: 300px) 100vw, 300px\" \/><\/p>\n<p>Programa la Rep\u00fablica estuvo presente en la feria de turismo de ANATO 2024, donde tuvieron la oportunidad de entrevistar a David Collado, ministro de turismo de la Rep\u00fablica Dominicana. Durante la entrevista, Collado destac\u00f3 la importancia de participar en este tipo de eventos para promocionar y fortalecer la industria tur\u00edstica de su pa\u00eds.<\/p>\n<p>Adem\u00e1s, el ministro resalt\u00f3 la relevancia del stand de Rep\u00fablica Dominicana en la feria, el cual estaba decorado con im\u00e1genes y elementos que resaltaban la belleza natural y cultural de la isla caribe\u00f1a. Collado mencion\u00f3 que el stand recibi\u00f3 una gran cantidad de visitantes interesados en conocer m\u00e1s sobre los destinos tur\u00edsticos de su pa\u00eds.<\/p>\n<p>Por otro lado, David Collado tambi\u00e9n hizo hincapi\u00e9 en la importancia de los nuevos vuelos que se abrir\u00e1n pr\u00f3ximamente hacia Rep\u00fablica Dominicana. Estos vuelos, provenientes de diferentes destinos internacionales, contribuir\u00e1n a aumentar la conectividad a\u00e9rea de la isla y atraer a m\u00e1s turistas de todo el mundo.<\/p>\n<p>Otros de los entrevistados Manuel Luna, por parte de la Aerol\u00ednea ARAJET con grandes noticias para el sector. Felix Aracena Embajador de Rep\u00fablica Dominicana en Colombia, junto al Consul Juan Pe\u00f1a, Andres Marranzini , entre otros.<\/p>\n<p>En resumen, la participaci\u00f3n de Rep\u00fablica Dominicana en la feria de turismo de ANATO 2024 fue todo un \u00e9xito, y David Collado se mostr\u00f3 optimista sobre el futuro del turismo en su pa\u00eds.<\/p>\n","protected":false},"excerpt":{"rendered":"<p>Programa la Rep\u00fablica estuvo presente en la feria de turismo de ANATO 2024, donde tuvieron la oportunidad de entrevistar a David Collado, ministro de turismo de la Rep\u00fablica Dominicana. Durante la entrevista, Collado destac\u00f3 la importancia de participar en este tipo de eventos para promocionar y fortalecer la industria tur\u00edstica de su pa\u00eds. Adem\u00e1s, el [&hellip;]<\/p>\n","protected":false},"author":1,"featured_media":435,"comment_status":"open","ping_status":"open","sticky":false,"template":"","format":"standard","meta":{"om_disable_all_campaigns":false,"_monsterinsights_skip_tracking":false,"_monsterinsights_sitenote_active":false,"_monsterinsights_sitenote_note":"","_monsterinsights_sitenote_category":0,"footnotes":""},"categories":[20],"tags":[],"class_list":{"0":"post-434","1":"post","2":"type-post","3":"status-publish","4":"format-standard","5":"has-post-thumbnail","7":"category-turismo"},"aioseo_notices":[],"_links":{"self":[{"href":"https:\/\/periodicolarepublica.com\/index.php\/wp-json\/wp\/v2\/posts\/434","targetHints":{"allow":["GET"]}}],"collection":[{"href":"https:\/\/periodicolarepublica.com\/index.php\/wp-json\/wp\/v2\/posts"}],"about":[{"href":"https:\/\/periodicolarepublica.com\/index.php\/wp-json\/wp\/v2\/types\/post"}],"author":[{"embeddable":true,"href":"https:\/\/periodicolarepublica.com\/index.php\/wp-json\/wp\/v2\/users\/1"}],"replies":[{"embeddable":true,"href":"https:\/\/periodicolarepublica.com\/index.php\/wp-json\/wp\/v2\/comments?post=434"}],"version-history":[{"count":1,"href":"https:\/\/periodicolarepublica.com\/index.php\/wp-json\/wp\/v2\/posts\/434\/revisions"}],"predecessor-version":[{"id":436,"href":"https:\/\/periodicolarepublica.com\/index.php\/wp-json\/wp\/v2\/posts\/434\/revisions\/436"}],"wp:featuredmedia":[{"embeddable":true,"href":"https:\/\/periodicolarepublica.com\/index.php\/wp-json\/wp\/v2\/media\/435"}],"wp:attachment":[{"href":"https:\/\/periodicolarepublica.com\/index.php\/wp-json\/wp\/v2\/media?parent=434"}],"wp:term":[{"taxonomy":"category","embeddable":true,"href":"https:\/\/periodicolarepublica.com\/index.php\/wp-json\/wp\/v2\/categories?post=434"},{"taxonomy":"post_tag","embeddable":true,"href":"https:\/\/periodicolarepublica.com\/index.php\/wp-json\/wp\/v2\/tags?post=434"}],"curies":[{"name":"wp","href":"https:\/\/api.w.org\/{rel}","templated":true}]}}