{"id":4341,"date":"2025-11-15T18:54:01","date_gmt":"2025-11-15T22:54:01","guid":{"rendered":"https:\/\/periodicolarepublica.com\/?p=4341"},"modified":"2025-11-15T18:54:01","modified_gmt":"2025-11-15T22:54:01","slug":"cierre-temporal-en-la-luperon-por-trabajos-del-nuevo-paso-a-desnivel-en-la-plaza-de-la-bandera","status":"publish","type":"post","link":"https:\/\/periodicolarepublica.com\/index.php\/2025\/11\/15\/cierre-temporal-en-la-luperon-por-trabajos-del-nuevo-paso-a-desnivel-en-la-plaza-de-la-bandera\/","title":{"rendered":"Cierre temporal en la Luper\u00f3n por trabajos del nuevo paso a desnivel en la Plaza de la Bandera"},"content":{"rendered":"<p>Santo Domingo.\u2013 El Ministerio de Obras P\u00fablicas y Comunicaciones (MOPC) anunci\u00f3 un cierre temporal en la avenida Luper\u00f3n, en sentido Norte\u2013Sur, como parte de los avances en la construcci\u00f3n del nuevo paso a desnivel de la Plaza de la Bandera, una obra dise\u00f1ada para mejorar la movilidad y disminuir la congesti\u00f3n en uno de los puntos viales m\u00e1s importantes del Gran Santo Domingo.<\/p>\n<p>&nbsp;<\/p>\n<p>El cierre se aplicar\u00e1 a partir de las 10:00 de la noche de este s\u00e1bado 15 de noviembre y se extender\u00e1 hasta las 4:00 de la tarde del domingo 16, per\u00edodo en el cual se realizar\u00e1 la reubicaci\u00f3n de tuber\u00edas de agua potable, una intervenci\u00f3n imprescindible para continuar con el proceso constructivo del paso a desnivel.<\/p>\n<p>&nbsp;<\/p>\n<p>Para garantizar la fluidez del tr\u00e1nsito, el MOPC, en coordinaci\u00f3n con el Instituto Nacional de Tr\u00e1nsito y Transporte Terrestre (INTRANT) y la Direcci\u00f3n General de Seguridad de Tr\u00e1nsito y Transporte Terrestre (DIGESSET) ha dispuesto un desv\u00edo hacia la derecha antes del punto de cierre, el cual estar\u00e1 claramente se\u00f1alizado mediante se\u00f1alizaci\u00f3n vertical con instrucciones precisas para orientar a los conductores durante el recorrido alterno.<\/p>\n<p>&nbsp;<\/p>\n<p>La instituci\u00f3n exhorta a los usuarios de la v\u00eda a planificar con anticipaci\u00f3n sus desplazamientos, atender las indicaciones del personal que estar\u00e1 asistiendo la zona y utilizar rutas alternas cuando sea necesario, mientras se desarrollan estos trabajos esenciales.<\/p>\n<p>&nbsp;<\/p>\n<p>El MOPC reitera su compromiso con la ejecuci\u00f3n de obras que transforman la movilidad del pa\u00eds y agradece la comprensi\u00f3n de la ciudadan\u00eda ante este cierre temporal requerido para avanzar en un proyecto estrat\u00e9gico para la ciudad.<\/p>\n<p>&nbsp;<\/p>\n<p>Direcci\u00f3n de Prensa y Comunicaciones<\/p>\n<p>15 de noviembre 2025<\/p>\n<p><img loading=\"lazy\" decoding=\"async\" class=\"alignnone size-full wp-image-2908\" src=\"https:\/\/periodicolarepublica.com\/wp-content\/uploads\/2025\/03\/images-12.png\" alt=\"\" width=\"225\" height=\"225\" srcset=\"https:\/\/periodicolarepublica.com\/wp-content\/uploads\/2025\/03\/images-12.png?v=1743190064 225w, https:\/\/periodicolarepublica.com\/wp-content\/uploads\/2025\/03\/images-12-150x150.png?v=1743190064 150w\" sizes=\"auto, (max-width: 225px) 100vw, 225px\" \/><\/p>\n","protected":false},"excerpt":{"rendered":"<p>Santo Domingo.\u2013 El Ministerio de Obras P\u00fablicas y Comunicaciones (MOPC) anunci\u00f3 un cierre temporal en la avenida Luper\u00f3n, en sentido Norte\u2013Sur, como parte de los avances en la construcci\u00f3n del nuevo paso a desnivel de la Plaza de la Bandera, una obra dise\u00f1ada para mejorar la movilidad y disminuir la congesti\u00f3n en uno de los [&hellip;]<\/p>\n","protected":false},"author":6,"featured_media":2908,"comment_status":"open","ping_status":"open","sticky":false,"template":"","format":"standard","meta":{"om_disable_all_campaigns":false,"_monsterinsights_skip_tracking":false,"_monsterinsights_sitenote_active":false,"_monsterinsights_sitenote_note":"","_monsterinsights_sitenote_category":0,"footnotes":""},"categories":[1],"tags":[],"class_list":{"0":"post-4341","1":"post","2":"type-post","3":"status-publish","4":"format-standard","5":"has-post-thumbnail","7":"category-nacionales"},"aioseo_notices":[],"_links":{"self":[{"href":"https:\/\/periodicolarepublica.com\/index.php\/wp-json\/wp\/v2\/posts\/4341","targetHints":{"allow":["GET"]}}],"collection":[{"href":"https:\/\/periodicolarepublica.com\/index.php\/wp-json\/wp\/v2\/posts"}],"about":[{"href":"https:\/\/periodicolarepublica.com\/index.php\/wp-json\/wp\/v2\/types\/post"}],"author":[{"embeddable":true,"href":"https:\/\/periodicolarepublica.com\/index.php\/wp-json\/wp\/v2\/users\/6"}],"replies":[{"embeddable":true,"href":"https:\/\/periodicolarepublica.com\/index.php\/wp-json\/wp\/v2\/comments?post=4341"}],"version-history":[{"count":1,"href":"https:\/\/periodicolarepublica.com\/index.php\/wp-json\/wp\/v2\/posts\/4341\/revisions"}],"predecessor-version":[{"id":4342,"href":"https:\/\/periodicolarepublica.com\/index.php\/wp-json\/wp\/v2\/posts\/4341\/revisions\/4342"}],"wp:featuredmedia":[{"embeddable":true,"href":"https:\/\/periodicolarepublica.com\/index.php\/wp-json\/wp\/v2\/media\/2908"}],"wp:attachment":[{"href":"https:\/\/periodicolarepublica.com\/index.php\/wp-json\/wp\/v2\/media?parent=4341"}],"wp:term":[{"taxonomy":"category","embeddable":true,"href":"https:\/\/periodicolarepublica.com\/index.php\/wp-json\/wp\/v2\/categories?post=4341"},{"taxonomy":"post_tag","embeddable":true,"href":"https:\/\/periodicolarepublica.com\/index.php\/wp-json\/wp\/v2\/tags?post=4341"}],"curies":[{"name":"wp","href":"https:\/\/api.w.org\/{rel}","templated":true}]}}