{"id":4344,"date":"2025-11-16T09:30:56","date_gmt":"2025-11-16T13:30:56","guid":{"rendered":"https:\/\/periodicolarepublica.com\/?p=4344"},"modified":"2025-11-16T09:30:56","modified_gmt":"2025-11-16T13:30:56","slug":"tomas-hernandez-alberto-destaca-vision-del-presidente-luis-abinader-y-senala-que-la-agropecuaria-sera-clave-para-la-rd-2036","status":"publish","type":"post","link":"https:\/\/periodicolarepublica.com\/index.php\/2025\/11\/16\/tomas-hernandez-alberto-destaca-vision-del-presidente-luis-abinader-y-senala-que-la-agropecuaria-sera-clave-para-la-rd-2036\/","title":{"rendered":"Tom\u00e1s Hern\u00e1ndez Alberto destaca visi\u00f3n del presidente Luis Abinader y se\u00f1ala que la agropecuaria ser\u00e1 clave para la \u201cRD 2036\u201d"},"content":{"rendered":"<p>&nbsp;<\/p>\n<p>Santo Domingo, R.D. \u2013 El dirigente del Partido Revolucionario Moderno (PRM) y presidente del movimiento Poder P\u2019AL Pueblo, Tom\u00e1s Hern\u00e1ndez Alberto, reafirm\u00f3 que el sector agropecuario dominicano debe ser asumido como una industria estrat\u00e9gica, esencial para alcanzar el desarrollo integral que impulsa el presidente Luis Abinader con su visi\u00f3n de pa\u00eds hacia el 2036.<\/p>\n<p>&nbsp;<\/p>\n<p>Hern\u00e1ndez Alberto se\u00f1al\u00f3 que el liderazgo del presidente Abinader no solo ha transformado la forma en que se gobierna, sino tambi\u00e9n la manera en que se planifica el futuro del pa\u00eds: con institucionalidad, innovaci\u00f3n, transparencia y una mirada clara hacia las pr\u00f3ximas d\u00e9cadas.<\/p>\n<p>&nbsp;<\/p>\n<p>\u201cLa agropecuaria no es solo para abastecer mercados: es una industria con un potencial enorme. Y con la direcci\u00f3n clara y el apoyo decidido del Gobierno que encabeza Luis Abinader, podemos llevar a la Rep\u00fablica Dominicana a un verdadero desarrollo sostenible\u201d, afirm\u00f3.<\/p>\n<p>&nbsp;<\/p>\n<p>La visi\u00f3n 2036: un pa\u00eds moderno, productivo y competitivo<\/p>\n<p>Hern\u00e1ndez Alberto explic\u00f3 que la visi\u00f3n del presidente Abinader para la RD del 2036 consiste en construir un pa\u00eds m\u00e1s equilibrado territorialmente, con una econom\u00eda m\u00e1s diversificada, instituciones m\u00e1s fuertes y un sistema productivo competitivo a nivel regional.<\/p>\n<p>&nbsp;<\/p>\n<p>En ese sentido, destac\u00f3 que la agropecuaria juega un papel fundamental porque:<\/p>\n<p>&nbsp;<\/p>\n<p>Garantiza la seguridad alimentaria del pa\u00eds.<\/p>\n<p>&nbsp;<\/p>\n<p>Genera empleo en miles de comunidades rurales.<\/p>\n<p>&nbsp;<\/p>\n<p>Impulsa la agroindustria y las exportaciones.<\/p>\n<p>&nbsp;<\/p>\n<p>Promueve la tecnificaci\u00f3n y la innovaci\u00f3n en el campo.<\/p>\n<p>&nbsp;<\/p>\n<p>Asegura el desarrollo sostenible de las zonas rurales.<\/p>\n<p>&nbsp;<\/p>\n<p>\u201cEl presidente Abinader est\u00e1 dando pasos firmes hacia un pa\u00eds moderno, con una visi\u00f3n a largo plazo. Y el sector agropecuario es uno de los pilares m\u00e1s fuertes de esa visi\u00f3n. Diferimos pol\u00edticamente, s\u00ed, pero este es el momento de afinar la punter\u00eda y pensar en grande: pensar en la Rep\u00fablica Dominicana del 2036\u201d, expres\u00f3 Hern\u00e1ndez Alberto.<\/p>\n<p>&nbsp;<\/p>\n<p>Un llamado a dejar atr\u00e1s la confrontaci\u00f3n est\u00e9ril<\/p>\n<p>El dirigente resalt\u00f3 que, mientras el presidente Abinader trabaja con responsabilidad por el futuro del pa\u00eds, sectores de la oposici\u00f3n prefieren seguir atacando, incluso cuando el mandatario no es candidato.<\/p>\n<p>&nbsp;<\/p>\n<p>Hern\u00e1ndez Alberto calific\u00f3 esos ataques como \u201cuna muestra clara de desconexi\u00f3n con la realidad del pueblo dominicano\u201d, y exhort\u00f3 a la oposici\u00f3n a asumir un rol m\u00e1s responsable y enfocado en propuestas.<\/p>\n<p>&nbsp;<\/p>\n<p>\u201cEl legado de Luis Abinader ser\u00e1 recordado: institucionalidad, respeto democr\u00e1tico y visi\u00f3n estrat\u00e9gica. Ese es el camino que debemos fortalecer si realmente queremos un pa\u00eds m\u00e1s desarrollado y competitivo de aqu\u00ed al 2036\u201d, asegur\u00f3.<\/p>\n<p>&nbsp;<\/p>\n<p>El movimiento Poder P\u2019AL Pueblo reiter\u00f3 su compromiso de seguir trabajando junto a agricultores, j\u00f3venes productores, emprendedores rurales y fuerzas vivas de la naci\u00f3n para consolidar un modelo agropecuario moderno, rentable y orientado al desarrollo nacional.<img loading=\"lazy\" decoding=\"async\" class=\"size-medium wp-image-4345 alignright\" src=\"https:\/\/periodicolarepublica.com\/wp-content\/uploads\/2025\/11\/IMG_20251115_141937-300x171.jpg\" alt=\"\" width=\"300\" height=\"171\" srcset=\"https:\/\/periodicolarepublica.com\/wp-content\/uploads\/2025\/11\/IMG_20251115_141937-300x171.jpg?v=1763299826 300w, https:\/\/periodicolarepublica.com\/wp-content\/uploads\/2025\/11\/IMG_20251115_141937-1024x582.jpg?v=1763299826 1024w, https:\/\/periodicolarepublica.com\/wp-content\/uploads\/2025\/11\/IMG_20251115_141937-768x437.jpg?v=1763299826 768w, https:\/\/periodicolarepublica.com\/wp-content\/uploads\/2025\/11\/IMG_20251115_141937-1536x873.jpg?v=1763299826 1536w, https:\/\/periodicolarepublica.com\/wp-content\/uploads\/2025\/11\/IMG_20251115_141937-2048x1164.jpg?v=1763299826 2048w, https:\/\/periodicolarepublica.com\/wp-content\/uploads\/2025\/11\/IMG_20251115_141937-150x85.jpg?v=1763299826 150w, https:\/\/periodicolarepublica.com\/wp-content\/uploads\/2025\/11\/IMG_20251115_141937-600x341.jpg?v=1763299826 600w, https:\/\/periodicolarepublica.com\/wp-content\/uploads\/2025\/11\/IMG_20251115_141937-696x396.jpg?v=1763299826 696w, https:\/\/periodicolarepublica.com\/wp-content\/uploads\/2025\/11\/IMG_20251115_141937-1392x791.jpg?v=1763299826 1392w, https:\/\/periodicolarepublica.com\/wp-content\/uploads\/2025\/11\/IMG_20251115_141937-1068x607.jpg?v=1763299826 1068w, https:\/\/periodicolarepublica.com\/wp-content\/uploads\/2025\/11\/IMG_20251115_141937-1920x1092.jpg?v=1763299826 1920w\" sizes=\"auto, (max-width: 300px) 100vw, 300px\" \/><\/p>\n","protected":false},"excerpt":{"rendered":"<p>&nbsp; Santo Domingo, R.D. \u2013 El dirigente del Partido Revolucionario Moderno (PRM) y presidente del movimiento Poder P\u2019AL Pueblo, Tom\u00e1s Hern\u00e1ndez Alberto, reafirm\u00f3 que el sector agropecuario dominicano debe ser asumido como una industria estrat\u00e9gica, esencial para alcanzar el desarrollo integral que impulsa el presidente Luis Abinader con su visi\u00f3n de pa\u00eds hacia el 2036. [&hellip;]<\/p>\n","protected":false},"author":10,"featured_media":4345,"comment_status":"open","ping_status":"open","sticky":false,"template":"","format":"standard","meta":{"om_disable_all_campaigns":false,"_monsterinsights_skip_tracking":false,"_monsterinsights_sitenote_active":false,"_monsterinsights_sitenote_note":"","_monsterinsights_sitenote_category":0,"footnotes":""},"categories":[1],"tags":[163],"class_list":{"0":"post-4344","1":"post","2":"type-post","3":"status-publish","4":"format-standard","5":"has-post-thumbnail","7":"category-nacionales","8":"tag-tomas-hernandez-alberto"},"aioseo_notices":[],"_links":{"self":[{"href":"https:\/\/periodicolarepublica.com\/index.php\/wp-json\/wp\/v2\/posts\/4344","targetHints":{"allow":["GET"]}}],"collection":[{"href":"https:\/\/periodicolarepublica.com\/index.php\/wp-json\/wp\/v2\/posts"}],"about":[{"href":"https:\/\/periodicolarepublica.com\/index.php\/wp-json\/wp\/v2\/types\/post"}],"author":[{"embeddable":true,"href":"https:\/\/periodicolarepublica.com\/index.php\/wp-json\/wp\/v2\/users\/10"}],"replies":[{"embeddable":true,"href":"https:\/\/periodicolarepublica.com\/index.php\/wp-json\/wp\/v2\/comments?post=4344"}],"version-history":[{"count":1,"href":"https:\/\/periodicolarepublica.com\/index.php\/wp-json\/wp\/v2\/posts\/4344\/revisions"}],"predecessor-version":[{"id":4346,"href":"https:\/\/periodicolarepublica.com\/index.php\/wp-json\/wp\/v2\/posts\/4344\/revisions\/4346"}],"wp:featuredmedia":[{"embeddable":true,"href":"https:\/\/periodicolarepublica.com\/index.php\/wp-json\/wp\/v2\/media\/4345"}],"wp:attachment":[{"href":"https:\/\/periodicolarepublica.com\/index.php\/wp-json\/wp\/v2\/media?parent=4344"}],"wp:term":[{"taxonomy":"category","embeddable":true,"href":"https:\/\/periodicolarepublica.com\/index.php\/wp-json\/wp\/v2\/categories?post=4344"},{"taxonomy":"post_tag","embeddable":true,"href":"https:\/\/periodicolarepublica.com\/index.php\/wp-json\/wp\/v2\/tags?post=4344"}],"curies":[{"name":"wp","href":"https:\/\/api.w.org\/{rel}","templated":true}]}}