{"id":4349,"date":"2025-11-16T09:44:42","date_gmt":"2025-11-16T13:44:42","guid":{"rendered":"https:\/\/periodicolarepublica.com\/?p=4349"},"modified":"2025-11-16T09:44:42","modified_gmt":"2025-11-16T13:44:42","slug":"tomas-hernandez-alberto-destaca-liderazgo-de-luis-abinader-y-critica-confusion-de-la-oposicion","status":"publish","type":"post","link":"https:\/\/periodicolarepublica.com\/index.php\/2025\/11\/16\/tomas-hernandez-alberto-destaca-liderazgo-de-luis-abinader-y-critica-confusion-de-la-oposicion\/","title":{"rendered":"Tom\u00e1s Hern\u00e1ndez Alberto destaca liderazgo de Luis Abinader y critica confusi\u00f3n de la oposici\u00f3n"},"content":{"rendered":"<p>Santo Domingo, RD \u2013 El presidente del movimiento Poder P\u2019AL Pueblo y miembro destacado del PRM, Tom\u00e1s Hern\u00e1ndez Alberto, valor\u00f3 como hist\u00f3rico y ejemplar el gesto del presidente Luis Abinader al decidir no buscar la reelecci\u00f3n, demostrando su compromiso con la democracia y el desarrollo del pa\u00eds.<\/p>\n<p>&nbsp;<\/p>\n<p>\u201cPor primera vez en la historia de la Rep\u00fablica Dominicana, un presidente en el poder decide voluntariamente no perpetuarse en el cargo, algo que pocos se atreven a hacer. Esto demuestra el compromiso de Luis Abinader con la institucionalidad y con un pa\u00eds que necesita avanzar\u201d, afirm\u00f3 Hern\u00e1ndez Alberto.<\/p>\n<p>&nbsp;<\/p>\n<p>El dirigente pol\u00edtico critic\u00f3 la reacci\u00f3n de la oposici\u00f3n, a la que describi\u00f3 como \u201cturbada y confundida\u201d. Seg\u00fan Hern\u00e1ndez Alberto, los ataques hacia el presidente carecen de sentido, ya que Abinader no es candidato presidencial, y el PRM a\u00fan no tiene contendiente definido. \u201cEs evidente que la oposici\u00f3n no sabe c\u00f3mo enfrentar al gobierno ni c\u00f3mo proponer alternativas, y eso refleja su desorden y falta de liderazgo\u201d, agreg\u00f3.<\/p>\n<p>&nbsp;<\/p>\n<p>Hern\u00e1ndez Alberto destac\u00f3 que este momento pol\u00edtico representa una oportunidad hist\u00f3rica para consolidar la democracia dominicana y fortalecer las instituciones bajo un liderazgo transparente y comprometido como el de Luis Abinader.<img loading=\"lazy\" decoding=\"async\" class=\"size-medium wp-image-4351 alignright\" src=\"https:\/\/periodicolarepublica.com\/wp-content\/uploads\/2025\/11\/IMG_20251115_142312-300x220.jpg\" alt=\"\" width=\"300\" height=\"220\" srcset=\"https:\/\/periodicolarepublica.com\/wp-content\/uploads\/2025\/11\/IMG_20251115_142312-300x220.jpg?v=1763300600 300w, https:\/\/periodicolarepublica.com\/wp-content\/uploads\/2025\/11\/IMG_20251115_142312-1024x751.jpg?v=1763300600 1024w, https:\/\/periodicolarepublica.com\/wp-content\/uploads\/2025\/11\/IMG_20251115_142312-768x563.jpg?v=1763300600 768w, https:\/\/periodicolarepublica.com\/wp-content\/uploads\/2025\/11\/IMG_20251115_142312-1536x1127.jpg?v=1763300600 1536w, https:\/\/periodicolarepublica.com\/wp-content\/uploads\/2025\/11\/IMG_20251115_142312-150x110.jpg?v=1763300600 150w, https:\/\/periodicolarepublica.com\/wp-content\/uploads\/2025\/11\/IMG_20251115_142312-600x440.jpg?v=1763300600 600w, https:\/\/periodicolarepublica.com\/wp-content\/uploads\/2025\/11\/IMG_20251115_142312-696x510.jpg?v=1763300600 696w, https:\/\/periodicolarepublica.com\/wp-content\/uploads\/2025\/11\/IMG_20251115_142312-1392x1021.jpg?v=1763300600 1392w, https:\/\/periodicolarepublica.com\/wp-content\/uploads\/2025\/11\/IMG_20251115_142312-1068x783.jpg?v=1763300600 1068w, https:\/\/periodicolarepublica.com\/wp-content\/uploads\/2025\/11\/IMG_20251115_142312-1920x1408.jpg?v=1763300600 1920w, https:\/\/periodicolarepublica.com\/wp-content\/uploads\/2025\/11\/IMG_20251115_142312.jpg?v=1763300600 2048w\" sizes=\"auto, (max-width: 300px) 100vw, 300px\" \/><\/p>\n","protected":false},"excerpt":{"rendered":"<p>Santo Domingo, RD \u2013 El presidente del movimiento Poder P\u2019AL Pueblo y miembro destacado del PRM, Tom\u00e1s Hern\u00e1ndez Alberto, valor\u00f3 como hist\u00f3rico y ejemplar el gesto del presidente Luis Abinader al decidir no buscar la reelecci\u00f3n, demostrando su compromiso con la democracia y el desarrollo del pa\u00eds. &nbsp; \u201cPor primera vez en la historia de [&hellip;]<\/p>\n","protected":false},"author":10,"featured_media":4351,"comment_status":"open","ping_status":"open","sticky":false,"template":"","format":"standard","meta":{"om_disable_all_campaigns":false,"_monsterinsights_skip_tracking":false,"_monsterinsights_sitenote_active":false,"_monsterinsights_sitenote_note":"","_monsterinsights_sitenote_category":0,"footnotes":""},"categories":[1],"tags":[163],"class_list":{"0":"post-4349","1":"post","2":"type-post","3":"status-publish","4":"format-standard","5":"has-post-thumbnail","7":"category-nacionales","8":"tag-tomas-hernandez-alberto"},"aioseo_notices":[],"_links":{"self":[{"href":"https:\/\/periodicolarepublica.com\/index.php\/wp-json\/wp\/v2\/posts\/4349","targetHints":{"allow":["GET"]}}],"collection":[{"href":"https:\/\/periodicolarepublica.com\/index.php\/wp-json\/wp\/v2\/posts"}],"about":[{"href":"https:\/\/periodicolarepublica.com\/index.php\/wp-json\/wp\/v2\/types\/post"}],"author":[{"embeddable":true,"href":"https:\/\/periodicolarepublica.com\/index.php\/wp-json\/wp\/v2\/users\/10"}],"replies":[{"embeddable":true,"href":"https:\/\/periodicolarepublica.com\/index.php\/wp-json\/wp\/v2\/comments?post=4349"}],"version-history":[{"count":1,"href":"https:\/\/periodicolarepublica.com\/index.php\/wp-json\/wp\/v2\/posts\/4349\/revisions"}],"predecessor-version":[{"id":4352,"href":"https:\/\/periodicolarepublica.com\/index.php\/wp-json\/wp\/v2\/posts\/4349\/revisions\/4352"}],"wp:featuredmedia":[{"embeddable":true,"href":"https:\/\/periodicolarepublica.com\/index.php\/wp-json\/wp\/v2\/media\/4351"}],"wp:attachment":[{"href":"https:\/\/periodicolarepublica.com\/index.php\/wp-json\/wp\/v2\/media?parent=4349"}],"wp:term":[{"taxonomy":"category","embeddable":true,"href":"https:\/\/periodicolarepublica.com\/index.php\/wp-json\/wp\/v2\/categories?post=4349"},{"taxonomy":"post_tag","embeddable":true,"href":"https:\/\/periodicolarepublica.com\/index.php\/wp-json\/wp\/v2\/tags?post=4349"}],"curies":[{"name":"wp","href":"https:\/\/api.w.org\/{rel}","templated":true}]}}