{"id":4353,"date":"2025-11-16T09:52:05","date_gmt":"2025-11-16T13:52:05","guid":{"rendered":"https:\/\/periodicolarepublica.com\/?p=4353"},"modified":"2025-11-16T09:52:31","modified_gmt":"2025-11-16T13:52:31","slug":"4353","status":"publish","type":"post","link":"https:\/\/periodicolarepublica.com\/index.php\/2025\/11\/16\/4353\/","title":{"rendered":"Tom\u00e1s Hern\u00e1ndez Alberto llama a un gran pacto nacional ante la necesidad de una reforma fiscal responsable"},"content":{"rendered":"<p>Santo Domingo, El presidente del movimiento Poder P\u2019AL Pueblo, Tom\u00e1s Hern\u00e1ndez Alberto, afirm\u00f3 este domingo durante su participaci\u00f3n en el programa Puntos de Vista que la reforma fiscal constituye una necesidad nacional impostergable, que debe ser asumida con responsabilidad por toda la clase pol\u00edtica del pa\u00eds.<\/p>\n<p>&nbsp;<\/p>\n<p>Durante su intervenci\u00f3n, Hern\u00e1ndez Alberto expres\u00f3 que \u201cla prioridad no es del gobierno, es del pa\u00eds. La reforma fiscal es una necesidad nacional y la clase pol\u00edtica debe asumirla con responsabilidad. Si queremos que RD deje de ser llamada subdesarrollada, debemos unirnos en un gran pacto por las verdaderas prioridades del pa\u00eds.\u201d<\/p>\n<p>&nbsp;<\/p>\n<p>El dirigente se\u00f1al\u00f3 que, ante los desaf\u00edos actuales, la naci\u00f3n requiere unidad, visi\u00f3n y compromiso, colocando siempre el inter\u00e9s colectivo por encima de las diferencias partidarias. Asimismo, reiter\u00f3 que Rep\u00fablica Dominicana necesita dar pasos firmes hacia un modelo de desarrollo sostenible que garantice mayor estabilidad, crecimiento y bienestar para toda la poblaci\u00f3n.<img loading=\"lazy\" decoding=\"async\" class=\"size-medium wp-image-4354 alignright\" src=\"https:\/\/periodicolarepublica.com\/wp-content\/uploads\/2025\/11\/IMG_20251114_143310-275x300.jpg\" alt=\"\" width=\"275\" height=\"300\" srcset=\"https:\/\/periodicolarepublica.com\/wp-content\/uploads\/2025\/11\/IMG_20251114_143310-275x300.jpg?v=1763300995 275w, https:\/\/periodicolarepublica.com\/wp-content\/uploads\/2025\/11\/IMG_20251114_143310-940x1024.jpg?v=1763300995 940w, https:\/\/periodicolarepublica.com\/wp-content\/uploads\/2025\/11\/IMG_20251114_143310-768x837.jpg?v=1763300995 768w, https:\/\/periodicolarepublica.com\/wp-content\/uploads\/2025\/11\/IMG_20251114_143310-1410x1536.jpg?v=1763300995 1410w, https:\/\/periodicolarepublica.com\/wp-content\/uploads\/2025\/11\/IMG_20251114_143310-150x163.jpg?v=1763300995 150w, https:\/\/periodicolarepublica.com\/wp-content\/uploads\/2025\/11\/IMG_20251114_143310-300x327.jpg?v=1763300995 300w, https:\/\/periodicolarepublica.com\/wp-content\/uploads\/2025\/11\/IMG_20251114_143310-600x654.jpg?v=1763300995 600w, https:\/\/periodicolarepublica.com\/wp-content\/uploads\/2025\/11\/IMG_20251114_143310-696x758.jpg?v=1763300995 696w, https:\/\/periodicolarepublica.com\/wp-content\/uploads\/2025\/11\/IMG_20251114_143310-1392x1516.jpg?v=1763300995 1392w, https:\/\/periodicolarepublica.com\/wp-content\/uploads\/2025\/11\/IMG_20251114_143310-1068x1163.jpg?v=1763300995 1068w, https:\/\/periodicolarepublica.com\/wp-content\/uploads\/2025\/11\/IMG_20251114_143310.jpg?v=1763300995 1880w\" sizes=\"auto, (max-width: 275px) 100vw, 275px\" \/><\/p>\n","protected":false},"excerpt":{"rendered":"<p>Santo Domingo, El presidente del movimiento Poder P\u2019AL Pueblo, Tom\u00e1s Hern\u00e1ndez Alberto, afirm\u00f3 este domingo durante su participaci\u00f3n en el programa Puntos de Vista que la reforma fiscal constituye una necesidad nacional impostergable, que debe ser asumida con responsabilidad por toda la clase pol\u00edtica del pa\u00eds. &nbsp; Durante su intervenci\u00f3n, Hern\u00e1ndez Alberto expres\u00f3 que \u201cla [&hellip;]<\/p>\n","protected":false},"author":10,"featured_media":4354,"comment_status":"open","ping_status":"open","sticky":false,"template":"","format":"standard","meta":{"om_disable_all_campaigns":false,"_monsterinsights_skip_tracking":false,"_monsterinsights_sitenote_active":false,"_monsterinsights_sitenote_note":"","_monsterinsights_sitenote_category":0,"footnotes":""},"categories":[1],"tags":[163],"class_list":{"0":"post-4353","1":"post","2":"type-post","3":"status-publish","4":"format-standard","5":"has-post-thumbnail","7":"category-nacionales","8":"tag-tomas-hernandez-alberto"},"aioseo_notices":[],"_links":{"self":[{"href":"https:\/\/periodicolarepublica.com\/index.php\/wp-json\/wp\/v2\/posts\/4353","targetHints":{"allow":["GET"]}}],"collection":[{"href":"https:\/\/periodicolarepublica.com\/index.php\/wp-json\/wp\/v2\/posts"}],"about":[{"href":"https:\/\/periodicolarepublica.com\/index.php\/wp-json\/wp\/v2\/types\/post"}],"author":[{"embeddable":true,"href":"https:\/\/periodicolarepublica.com\/index.php\/wp-json\/wp\/v2\/users\/10"}],"replies":[{"embeddable":true,"href":"https:\/\/periodicolarepublica.com\/index.php\/wp-json\/wp\/v2\/comments?post=4353"}],"version-history":[{"count":2,"href":"https:\/\/periodicolarepublica.com\/index.php\/wp-json\/wp\/v2\/posts\/4353\/revisions"}],"predecessor-version":[{"id":4356,"href":"https:\/\/periodicolarepublica.com\/index.php\/wp-json\/wp\/v2\/posts\/4353\/revisions\/4356"}],"wp:featuredmedia":[{"embeddable":true,"href":"https:\/\/periodicolarepublica.com\/index.php\/wp-json\/wp\/v2\/media\/4354"}],"wp:attachment":[{"href":"https:\/\/periodicolarepublica.com\/index.php\/wp-json\/wp\/v2\/media?parent=4353"}],"wp:term":[{"taxonomy":"category","embeddable":true,"href":"https:\/\/periodicolarepublica.com\/index.php\/wp-json\/wp\/v2\/categories?post=4353"},{"taxonomy":"post_tag","embeddable":true,"href":"https:\/\/periodicolarepublica.com\/index.php\/wp-json\/wp\/v2\/tags?post=4353"}],"curies":[{"name":"wp","href":"https:\/\/api.w.org\/{rel}","templated":true}]}}