{"id":4357,"date":"2025-11-17T13:44:25","date_gmt":"2025-11-17T17:44:25","guid":{"rendered":"https:\/\/periodicolarepublica.com\/?p=4357"},"modified":"2025-11-17T13:44:25","modified_gmt":"2025-11-17T17:44:25","slug":"walddy-lina-polanco-recibe-tres-nominaciones-en-el-premio-nacional-de-periodismo-digital-2025","status":"publish","type":"post","link":"https:\/\/periodicolarepublica.com\/index.php\/2025\/11\/17\/walddy-lina-polanco-recibe-tres-nominaciones-en-el-premio-nacional-de-periodismo-digital-2025\/","title":{"rendered":"Walddy Lina Polanco recibe tres nominaciones en el Premio Nacional de Periodismo Digital 2025"},"content":{"rendered":"<p>Santo Domingo, Rep\u00fablica Dominicana. \u2013 La periodista Walddy Lina Polanco vuelve a destacarse en el \u00e1mbito comunicacional al obtener tres nominaciones en el Premio Nacional de Periodismo Digital 2025, otorgado por el Observatorio de Medios Digitales Dominicanos. En esta octava edici\u00f3n, Polanco figura en las categor\u00edas: Mejor Periodista Digital del A\u00f1o, Mejor Medio Nativo Digital y Mejor Nuevo Medio Digital.<\/p>\n<p>&nbsp;<\/p>\n<p>Polanco expres\u00f3 su satisfacci\u00f3n y alegr\u00eda al recibir estas nominaciones, asegurando que representan un reconocimiento al esfuerzo constante del equipo que lidera en Cadena Regional de Noticias (CRN) y la revista Regionarios.<\/p>\n<p>&nbsp;<\/p>\n<p>\u201cEstoy profundamente agradecida y emocionada. El trabajo que venimos realizando es de calidad, innovador y con una amplia cobertura en cada regi\u00f3n del pa\u00eds. Apostamos cada d\u00eda por un periodismo independiente, responsable y cercano a la gente\u201d, manifest\u00f3.<\/p>\n<p>&nbsp;<\/p>\n<p>La presidenta del Observatorio de Medios Digitales Dominicanos, Cristal Acevedo, inform\u00f3 que la ceremonia de premiaci\u00f3n se llevar\u00e1 a cabo el martes 25 de noviembre en el Centro Indotel, ubicado en la Zona Colonial. En esta edici\u00f3n se reconocer\u00e1n 19 categor\u00edas, adem\u00e1s de tres distinciones especiales y el Gran Premio Nacional de Periodismo Digital 2025.<\/p>\n<p>&nbsp;<\/p>\n<p>Acevedo destac\u00f3 que esta iniciativa cuenta con el respaldo del Banco Popular Dominicano, el Instituto Dominicano de las Telecomunicaciones (INDOTEL) y el patrocinio de Farmacias GBC.<\/p>\n<p>&nbsp;<\/p>\n<p>El premio tiene como finalidad resaltar y estimular la labor de los profesionales que elevan la calidad del contenido digital en Rep\u00fablica Dominicana. La actividad est\u00e1 abierta a periodistas, comunicadores y propietarios de medios digitales de todo el pa\u00eds, quienes pueden registrarse a trav\u00e9s del portal Eventbrite para participar en esta importante celebraci\u00f3n del talento y la innovaci\u00f3n en el ecosistema digital dominicano.<img loading=\"lazy\" decoding=\"async\" class=\"alignnone size-medium wp-image-4358\" src=\"https:\/\/periodicolarepublica.com\/wp-content\/uploads\/2025\/11\/IMG-20251117-WA0222-e1763401452878-300x222.jpg\" alt=\"\" width=\"300\" height=\"222\" srcset=\"https:\/\/periodicolarepublica.com\/wp-content\/uploads\/2025\/11\/IMG-20251117-WA0222-e1763401452878-300x222.jpg?v=1763401398 300w, https:\/\/periodicolarepublica.com\/wp-content\/uploads\/2025\/11\/IMG-20251117-WA0222-e1763401452878-150x111.jpg?v=1763401398 150w, https:\/\/periodicolarepublica.com\/wp-content\/uploads\/2025\/11\/IMG-20251117-WA0222-e1763401452878-600x444.jpg?v=1763401398 600w, https:\/\/periodicolarepublica.com\/wp-content\/uploads\/2025\/11\/IMG-20251117-WA0222-e1763401452878-485x360.jpg?v=1763401398 485w, https:\/\/periodicolarepublica.com\/wp-content\/uploads\/2025\/11\/IMG-20251117-WA0222-e1763401452878.jpg?v=1763401398 655w\" sizes=\"auto, (max-width: 300px) 100vw, 300px\" \/><\/p>\n","protected":false},"excerpt":{"rendered":"<p>Santo Domingo, Rep\u00fablica Dominicana. \u2013 La periodista Walddy Lina Polanco vuelve a destacarse en el \u00e1mbito comunicacional al obtener tres nominaciones en el Premio Nacional de Periodismo Digital 2025, otorgado por el Observatorio de Medios Digitales Dominicanos. En esta octava edici\u00f3n, Polanco figura en las categor\u00edas: Mejor Periodista Digital del A\u00f1o, Mejor Medio Nativo Digital [&hellip;]<\/p>\n","protected":false},"author":10,"featured_media":4358,"comment_status":"open","ping_status":"open","sticky":false,"template":"","format":"standard","meta":{"om_disable_all_campaigns":false,"_monsterinsights_skip_tracking":false,"_monsterinsights_sitenote_active":false,"_monsterinsights_sitenote_note":"","_monsterinsights_sitenote_category":0,"footnotes":""},"categories":[1],"tags":[],"class_list":{"0":"post-4357","1":"post","2":"type-post","3":"status-publish","4":"format-standard","5":"has-post-thumbnail","7":"category-nacionales"},"aioseo_notices":[],"_links":{"self":[{"href":"https:\/\/periodicolarepublica.com\/index.php\/wp-json\/wp\/v2\/posts\/4357","targetHints":{"allow":["GET"]}}],"collection":[{"href":"https:\/\/periodicolarepublica.com\/index.php\/wp-json\/wp\/v2\/posts"}],"about":[{"href":"https:\/\/periodicolarepublica.com\/index.php\/wp-json\/wp\/v2\/types\/post"}],"author":[{"embeddable":true,"href":"https:\/\/periodicolarepublica.com\/index.php\/wp-json\/wp\/v2\/users\/10"}],"replies":[{"embeddable":true,"href":"https:\/\/periodicolarepublica.com\/index.php\/wp-json\/wp\/v2\/comments?post=4357"}],"version-history":[{"count":1,"href":"https:\/\/periodicolarepublica.com\/index.php\/wp-json\/wp\/v2\/posts\/4357\/revisions"}],"predecessor-version":[{"id":4359,"href":"https:\/\/periodicolarepublica.com\/index.php\/wp-json\/wp\/v2\/posts\/4357\/revisions\/4359"}],"wp:featuredmedia":[{"embeddable":true,"href":"https:\/\/periodicolarepublica.com\/index.php\/wp-json\/wp\/v2\/media\/4358"}],"wp:attachment":[{"href":"https:\/\/periodicolarepublica.com\/index.php\/wp-json\/wp\/v2\/media?parent=4357"}],"wp:term":[{"taxonomy":"category","embeddable":true,"href":"https:\/\/periodicolarepublica.com\/index.php\/wp-json\/wp\/v2\/categories?post=4357"},{"taxonomy":"post_tag","embeddable":true,"href":"https:\/\/periodicolarepublica.com\/index.php\/wp-json\/wp\/v2\/tags?post=4357"}],"curies":[{"name":"wp","href":"https:\/\/api.w.org\/{rel}","templated":true}]}}