{"id":4366,"date":"2025-11-18T09:13:49","date_gmt":"2025-11-18T13:13:49","guid":{"rendered":"https:\/\/periodicolarepublica.com\/?p=4366"},"modified":"2025-11-18T09:13:49","modified_gmt":"2025-11-18T13:13:49","slug":"tomas-hernandez-alberto-leonel-y-su-partido-buscan-caos-no-soluciones-para-la-republica-dominicana","status":"publish","type":"post","link":"https:\/\/periodicolarepublica.com\/index.php\/2025\/11\/18\/tomas-hernandez-alberto-leonel-y-su-partido-buscan-caos-no-soluciones-para-la-republica-dominicana\/","title":{"rendered":"\u201cTom\u00e1s Hern\u00e1ndez Alberto: Leonel y su partido buscan caos, no soluciones para la Rep\u00fablica Dominicana\u201d"},"content":{"rendered":"<p>Santo Domingo,- El presidente del movimiento Poder P\u2019AL Pueblo, Tom\u00e1s Hern\u00e1ndez Alberto, advirti\u00f3 este lunes que la marcha convocada por la Fuerza del Pueblo para el pr\u00f3ximo 30 de noviembre representa \u201cun intento deliberado de generar turbulencia pol\u00edtica y frenar el avance que vive la Rep\u00fablica Dominicana\u201d.<\/p>\n<p>&nbsp;<\/p>\n<p>Durante su participaci\u00f3n en el programa La Rep\u00fablica TV, transmitido por Nuevo Diario TV, Hern\u00e1ndez Alberto se\u00f1al\u00f3 que el pa\u00eds debe mantenerse vigilante ante sectores que, en sus palabras, \u201cno buscan el bienestar nacional, sino regresar a un pasado que ya fue superado\u201d.<\/p>\n<p>&nbsp;<\/p>\n<p>\u201cEl pueblo dominicano debe abrir los ojos. Mientras el gobierno del presidente Luis Abinader trabaja para seguir impulsando estabilidad, transparencia y desarrollo, hay sectores que parecen empe\u00f1ados en detener el progreso. Y hoy, todos sabemos qui\u00e9nes son\u201d, afirm\u00f3.<\/p>\n<p>&nbsp;<\/p>\n<p>De manera directa, se\u00f1al\u00f3 que la Fuerza del Pueblo, encabezada por Leonel Fern\u00e1ndez, no est\u00e1 convocando una marcha a favor del pa\u00eds:<\/p>\n<p>\u201cEst\u00e1n marchando contra la estabilidad del pa\u00eds. Cada convocatoria, cada consigna y cada intento de crear turbulencia pol\u00edtica es una muestra clara de que su inter\u00e9s no es Rep\u00fablica Dominicana, sino su ambici\u00f3n personal y su deseo de volver a un pasado que este pueblo ya dej\u00f3 atr\u00e1s\u201d.<\/p>\n<p>&nbsp;<\/p>\n<p>Hern\u00e1ndez Alberto enfatiz\u00f3 que la naci\u00f3n necesita avanzar, no retroceder:<\/p>\n<p>&nbsp;<\/p>\n<p>\u201cEl liderazgo responsable construye, no sabotea.\u201d<\/p>\n<p>&nbsp;<\/p>\n<p>\u201cEl que ama esta naci\u00f3n aporta soluciones, no caos.\u201d<\/p>\n<p>&nbsp;<\/p>\n<p>Llam\u00f3 adem\u00e1s a la ciudadan\u00eda a evaluar con claridad \u201cqui\u00e9nes realmente trabajan por un futuro de oportunidades, crecimiento y seguridad, y qui\u00e9nes buscan desestabilizar lo que hoy est\u00e1 funcionando\u201d.<\/p>\n<p>&nbsp;<\/p>\n<p>\u201cEl pa\u00eds va por buen camino. No dejemos que quienes tuvieron d\u00e9cadas para hacer y no hicieron, ahora pretendan frenar los avances logrados bajo una gesti\u00f3n seria, transparente y enfocada en la gente\u201d, concluy\u00f3.<img loading=\"lazy\" decoding=\"async\" class=\"size-medium wp-image-4155 alignright\" src=\"https:\/\/periodicolarepublica.com\/wp-content\/uploads\/2025\/10\/IMG_20251010_215446-300x278.jpg\" alt=\"\" width=\"300\" height=\"278\" srcset=\"https:\/\/periodicolarepublica.com\/wp-content\/uploads\/2025\/10\/IMG_20251010_215446-300x278.jpg?v=1760148297 300w, https:\/\/periodicolarepublica.com\/wp-content\/uploads\/2025\/10\/IMG_20251010_215446-1024x948.jpg?v=1760148297 1024w, https:\/\/periodicolarepublica.com\/wp-content\/uploads\/2025\/10\/IMG_20251010_215446-768x711.jpg?v=1760148297 768w, https:\/\/periodicolarepublica.com\/wp-content\/uploads\/2025\/10\/IMG_20251010_215446-1536x1423.jpg?v=1760148297 1536w, https:\/\/periodicolarepublica.com\/wp-content\/uploads\/2025\/10\/IMG_20251010_215446-2048x1897.jpg?v=1760148297 2048w, https:\/\/periodicolarepublica.com\/wp-content\/uploads\/2025\/10\/IMG_20251010_215446-150x139.jpg?v=1760148297 150w, https:\/\/periodicolarepublica.com\/wp-content\/uploads\/2025\/10\/IMG_20251010_215446-600x556.jpg?v=1760148297 600w, https:\/\/periodicolarepublica.com\/wp-content\/uploads\/2025\/10\/IMG_20251010_215446-696x645.jpg?v=1760148297 696w, https:\/\/periodicolarepublica.com\/wp-content\/uploads\/2025\/10\/IMG_20251010_215446-1392x1289.jpg?v=1760148297 1392w, https:\/\/periodicolarepublica.com\/wp-content\/uploads\/2025\/10\/IMG_20251010_215446-1068x989.jpg?v=1760148297 1068w, https:\/\/periodicolarepublica.com\/wp-content\/uploads\/2025\/10\/IMG_20251010_215446-1920x1778.jpg?v=1760148297 1920w\" sizes=\"auto, (max-width: 300px) 100vw, 300px\" \/><\/p>\n","protected":false},"excerpt":{"rendered":"<p>Santo Domingo,- El presidente del movimiento Poder P\u2019AL Pueblo, Tom\u00e1s Hern\u00e1ndez Alberto, advirti\u00f3 este lunes que la marcha convocada por la Fuerza del Pueblo para el pr\u00f3ximo 30 de noviembre representa \u201cun intento deliberado de generar turbulencia pol\u00edtica y frenar el avance que vive la Rep\u00fablica Dominicana\u201d. &nbsp; Durante su participaci\u00f3n en el programa La [&hellip;]<\/p>\n","protected":false},"author":10,"featured_media":4155,"comment_status":"open","ping_status":"open","sticky":false,"template":"","format":"standard","meta":{"om_disable_all_campaigns":false,"_monsterinsights_skip_tracking":false,"_monsterinsights_sitenote_active":false,"_monsterinsights_sitenote_note":"","_monsterinsights_sitenote_category":0,"footnotes":""},"categories":[1],"tags":[],"class_list":{"0":"post-4366","1":"post","2":"type-post","3":"status-publish","4":"format-standard","5":"has-post-thumbnail","7":"category-nacionales"},"aioseo_notices":[],"_links":{"self":[{"href":"https:\/\/periodicolarepublica.com\/index.php\/wp-json\/wp\/v2\/posts\/4366","targetHints":{"allow":["GET"]}}],"collection":[{"href":"https:\/\/periodicolarepublica.com\/index.php\/wp-json\/wp\/v2\/posts"}],"about":[{"href":"https:\/\/periodicolarepublica.com\/index.php\/wp-json\/wp\/v2\/types\/post"}],"author":[{"embeddable":true,"href":"https:\/\/periodicolarepublica.com\/index.php\/wp-json\/wp\/v2\/users\/10"}],"replies":[{"embeddable":true,"href":"https:\/\/periodicolarepublica.com\/index.php\/wp-json\/wp\/v2\/comments?post=4366"}],"version-history":[{"count":1,"href":"https:\/\/periodicolarepublica.com\/index.php\/wp-json\/wp\/v2\/posts\/4366\/revisions"}],"predecessor-version":[{"id":4367,"href":"https:\/\/periodicolarepublica.com\/index.php\/wp-json\/wp\/v2\/posts\/4366\/revisions\/4367"}],"wp:featuredmedia":[{"embeddable":true,"href":"https:\/\/periodicolarepublica.com\/index.php\/wp-json\/wp\/v2\/media\/4155"}],"wp:attachment":[{"href":"https:\/\/periodicolarepublica.com\/index.php\/wp-json\/wp\/v2\/media?parent=4366"}],"wp:term":[{"taxonomy":"category","embeddable":true,"href":"https:\/\/periodicolarepublica.com\/index.php\/wp-json\/wp\/v2\/categories?post=4366"},{"taxonomy":"post_tag","embeddable":true,"href":"https:\/\/periodicolarepublica.com\/index.php\/wp-json\/wp\/v2\/tags?post=4366"}],"curies":[{"name":"wp","href":"https:\/\/api.w.org\/{rel}","templated":true}]}}