{"id":4370,"date":"2025-11-18T19:28:19","date_gmt":"2025-11-18T23:28:19","guid":{"rendered":"https:\/\/periodicolarepublica.com\/?p=4370"},"modified":"2025-11-18T19:28:19","modified_gmt":"2025-11-18T23:28:19","slug":"ministro-luis-miguel-de-camps-socializa-con-directores-regionales-politicas-de-la-gestion-que-apuntan-a-fortalecer-la-calidad-educativa","status":"publish","type":"post","link":"https:\/\/periodicolarepublica.com\/index.php\/2025\/11\/18\/ministro-luis-miguel-de-camps-socializa-con-directores-regionales-politicas-de-la-gestion-que-apuntan-a-fortalecer-la-calidad-educativa\/","title":{"rendered":"Ministro Luis Miguel De Camps socializa con directores regionales pol\u00edticas de la gesti\u00f3n que apuntan a fortalecer la calidad educativa"},"content":{"rendered":"<p>El ministro de Educaci\u00f3n, Luis Miguel De Camps, sostuvo este martes una reuni\u00f3n con los directores de las 18 Regionales de la instituci\u00f3n, a quienes present\u00f3 los principales programas y pol\u00edticas p\u00fablicas implementados para impulsar la mejora de la calidad educativa.<\/p>\n<p>Durante el encuentro se expusieron las iniciativas del voluntariado Agentes al 100, la actualizaci\u00f3n del proceso de Evaluaci\u00f3n del Desempe\u00f1o Docente y los objetivos de la Hoja de Ruta y la Mesa de los Cinco Pilares impulsadas por el Ministerio.<\/p>\n<p>De Camps subray\u00f3 que las pol\u00edticas p\u00fablicas en materia educativa deben caracterizarse por la constancia, la continuidad y la consistencia, por lo que deben sustentarse en bases s\u00f3lidas. Destac\u00f3 la importancia de revisar y desarrollar ideas, as\u00ed como profundizar en su an\u00e1lisis para garantizar su sostenibilidad y obtener los resultados esperados<\/p>\n<p>\u201cHemos realizado una revisi\u00f3n de prioridades para dotar al Ministerio de Educaci\u00f3n de una serie de acciones con enfoque de acercamiento social, con el fin de fomentar una mayor voluntad de los actores sociales para sumarse a estos esfuerzos. Estos espacios permiten alinear iniciativas y asegurar que cada decisi\u00f3n se traduzca en acciones concretas en las escuelas del pa\u00eds\u201d, afirm\u00f3 el funcionario.<\/p>\n<p>Record\u00f3 los cinco ejes estrat\u00e9gicos de la Hoja de Ruta presentada al inicio de su gesti\u00f3n: estudiantes, docentes, familias, sociedad civil y servidores p\u00fablicos, orientados a la transformaci\u00f3n del sistema educativo dominicano.<\/p>\n<p>El ministro explic\u00f3 que esta estrategia tambi\u00e9n contempla cinco objetivos: una educaci\u00f3n que ense\u00f1e; una educaci\u00f3n que abra oportunidades; una educaci\u00f3n sin excusas ni exclusi\u00f3n; una educaci\u00f3n basada en valores e identidad ciudadana; y una gesti\u00f3n territorial con transparencia y apoyo de la transformaci\u00f3n digital.<\/p>\n<p>Asimismo, present\u00f3 a los directores regionales los temas trabajados en la Mesa de los Cinco Pilares, centrada en la calidad educativa, el clima y bienestar estudiantil, la carrera docente, el cumplimiento del calendario y horario escolar, y la infraestructura y mantenimiento de los centros educativos.<\/p>\n<p>En la reuni\u00f3n, el viceministro de Acreditaci\u00f3n y Certificaci\u00f3n Docente, Francisco D\u2019\u00d3leo, expuso los avances del proceso de Evaluaci\u00f3n del Desempe\u00f1o Docente, cuyo protocolo operativo denominado \u201cMi cargo a evaluar\u201d permitir\u00e1 confirmar los cargos en los que ser\u00e1 evaluado el personal docente.<\/p>\n<p>Adem\u00e1s, los 18 Directores Regionales recibieron los materiales de campa\u00f1a del voluntariado Agentes al 100, una iniciativa fruto de Ciudadano al 100 orientada a promover acciones escolares que impulsen la formaci\u00f3n integral de los estudiantes y fortalezcan los valores \u00e9ticos, la convivencia pac\u00edfica, el respeto mutuo, la identidad nacional y el compromiso social.<\/p>\n<p>*Direcci\u00f3n de Comunicaciones*<\/p>\n<p><img loading=\"lazy\" decoding=\"async\" class=\"alignnone size-medium wp-image-4112\" src=\"https:\/\/periodicolarepublica.com\/wp-content\/uploads\/2025\/09\/cf3b3f5b4be54768316659cc54bc83cf-1-300x169.jpg\" alt=\"\" width=\"300\" height=\"169\" srcset=\"https:\/\/periodicolarepublica.com\/wp-content\/uploads\/2025\/09\/cf3b3f5b4be54768316659cc54bc83cf-1-300x169.jpg?v=1758897758 300w, https:\/\/periodicolarepublica.com\/wp-content\/uploads\/2025\/09\/cf3b3f5b4be54768316659cc54bc83cf-1-1024x576.jpg?v=1758897758 1024w, https:\/\/periodicolarepublica.com\/wp-content\/uploads\/2025\/09\/cf3b3f5b4be54768316659cc54bc83cf-1-768x432.jpg?v=1758897758 768w, https:\/\/periodicolarepublica.com\/wp-content\/uploads\/2025\/09\/cf3b3f5b4be54768316659cc54bc83cf-1-150x84.jpg?v=1758897758 150w, https:\/\/periodicolarepublica.com\/wp-content\/uploads\/2025\/09\/cf3b3f5b4be54768316659cc54bc83cf-1-600x337.jpg?v=1758897758 600w, https:\/\/periodicolarepublica.com\/wp-content\/uploads\/2025\/09\/cf3b3f5b4be54768316659cc54bc83cf-1-696x391.jpg?v=1758897758 696w, https:\/\/periodicolarepublica.com\/wp-content\/uploads\/2025\/09\/cf3b3f5b4be54768316659cc54bc83cf-1-1068x601.jpg?v=1758897758 1068w, https:\/\/periodicolarepublica.com\/wp-content\/uploads\/2025\/09\/cf3b3f5b4be54768316659cc54bc83cf-1.jpg?v=1758897758 1300w\" sizes=\"auto, (max-width: 300px) 100vw, 300px\" \/><\/p>\n<p style=\"text-align: right;\">2<\/p>\n","protected":false},"excerpt":{"rendered":"<p>El ministro de Educaci\u00f3n, Luis Miguel De Camps, sostuvo este martes una reuni\u00f3n con los directores de las 18 Regionales de la instituci\u00f3n, a quienes present\u00f3 los principales programas y pol\u00edticas p\u00fablicas implementados para impulsar la mejora de la calidad educativa. Durante el encuentro se expusieron las iniciativas del voluntariado Agentes al 100, la actualizaci\u00f3n [&hellip;]<\/p>\n","protected":false},"author":6,"featured_media":4112,"comment_status":"open","ping_status":"open","sticky":false,"template":"","format":"standard","meta":{"om_disable_all_campaigns":false,"_monsterinsights_skip_tracking":false,"_monsterinsights_sitenote_active":false,"_monsterinsights_sitenote_note":"","_monsterinsights_sitenote_category":0,"footnotes":""},"categories":[1],"tags":[],"class_list":{"0":"post-4370","1":"post","2":"type-post","3":"status-publish","4":"format-standard","5":"has-post-thumbnail","7":"category-nacionales"},"aioseo_notices":[],"_links":{"self":[{"href":"https:\/\/periodicolarepublica.com\/index.php\/wp-json\/wp\/v2\/posts\/4370","targetHints":{"allow":["GET"]}}],"collection":[{"href":"https:\/\/periodicolarepublica.com\/index.php\/wp-json\/wp\/v2\/posts"}],"about":[{"href":"https:\/\/periodicolarepublica.com\/index.php\/wp-json\/wp\/v2\/types\/post"}],"author":[{"embeddable":true,"href":"https:\/\/periodicolarepublica.com\/index.php\/wp-json\/wp\/v2\/users\/6"}],"replies":[{"embeddable":true,"href":"https:\/\/periodicolarepublica.com\/index.php\/wp-json\/wp\/v2\/comments?post=4370"}],"version-history":[{"count":1,"href":"https:\/\/periodicolarepublica.com\/index.php\/wp-json\/wp\/v2\/posts\/4370\/revisions"}],"predecessor-version":[{"id":4371,"href":"https:\/\/periodicolarepublica.com\/index.php\/wp-json\/wp\/v2\/posts\/4370\/revisions\/4371"}],"wp:featuredmedia":[{"embeddable":true,"href":"https:\/\/periodicolarepublica.com\/index.php\/wp-json\/wp\/v2\/media\/4112"}],"wp:attachment":[{"href":"https:\/\/periodicolarepublica.com\/index.php\/wp-json\/wp\/v2\/media?parent=4370"}],"wp:term":[{"taxonomy":"category","embeddable":true,"href":"https:\/\/periodicolarepublica.com\/index.php\/wp-json\/wp\/v2\/categories?post=4370"},{"taxonomy":"post_tag","embeddable":true,"href":"https:\/\/periodicolarepublica.com\/index.php\/wp-json\/wp\/v2\/tags?post=4370"}],"curies":[{"name":"wp","href":"https:\/\/api.w.org\/{rel}","templated":true}]}}