{"id":4373,"date":"2025-11-18T19:31:39","date_gmt":"2025-11-18T23:31:39","guid":{"rendered":"https:\/\/periodicolarepublica.com\/?p=4373"},"modified":"2025-11-18T19:31:39","modified_gmt":"2025-11-18T23:31:39","slug":"dida-informa-que-mas-de-26000-personas-con-pensiones-aprobadas-no-la-han-reclamado","status":"publish","type":"post","link":"https:\/\/periodicolarepublica.com\/index.php\/2025\/11\/18\/dida-informa-que-mas-de-26000-personas-con-pensiones-aprobadas-no-la-han-reclamado\/","title":{"rendered":"DIDA informa que m\u00e1s de 26,000 personas con pensiones aprobadas no la han reclamado"},"content":{"rendered":"<p>La lista de beneficiarios est\u00e1 disponible en la p\u00e1gina web de la DIDA www.dida.gob.do._<\/p>\n<p>Santo Domingo, R.D. \u2014 La Direcci\u00f3n General de Informaci\u00f3n y Defensa de los Afiliados a la Seguridad Social (DIDA) inform\u00f3 que 26,167 personas con distintos tipos de pensiones aprobadas por el Poder Ejecutivo a\u00fan no disfrutan de las mismas por debido a que no han formalizado su inclusi\u00f3n en la n\u00f3mina de pensionados del Estado de la Direcci\u00f3n General de Jubilaciones y Pensiones (DGJP) del Ministerio de Hacienda , seg\u00fan datos actualizados al mes de noviembre de 2025.<\/p>\n<p>&nbsp;<\/p>\n<p>El\u00edas B\u00e1ez, director de la DIDA, indic\u00f3 que el listado de estos beneficiarios fue suministrado por la Direcci\u00f3n General de Jubilaciones y Pensiones, a solicitud de la DIDA, con el objetivo de identificar a las personas con pensiones aprobadas que a\u00fan no han completado el proceso de incorporaci\u00f3n a n\u00f3mina de pensionados y se inicien los pagos mensuales.<\/p>\n<p>&nbsp;<\/p>\n<p>B\u00e1ez explic\u00f3 que entre las personas identificadas figuran beneficiarios de pensiones solidarias, por antig\u00fcedad en el servicio y pensiones del antiguo Instituto Dominicano de Seguros Sociales (IDSS), quienes ya cuentan con el derecho otorgado mediante decretos del Poder Ejecutivo, Ley del Congreso Nacional o resoluci\u00f3n del IDSS aprobada por la DGJP.<\/p>\n<p>&nbsp;<\/p>\n<p>La DIDA llam\u00f3 a las personas que han solicitado pensi\u00f3n y que no han tenido respuesta de su proceso a consultar la p\u00e1gina de web www.dida.gob.do en el siguiente enlace Listado-de-Pensiones-Pendientes-de-Formalizar-su-inclusion-a-Nomina-corte-noviembre-de-2025.pdf, o consultar en las redes sociales @didardo y v\u00eda telef\u00f3nica al tel\u00e9fono 809-472-1900.<\/p>\n<p>&nbsp;<\/p>\n<p>El funcionario inform\u00f3 que en caso de aparecer en la lista las personas beneficiarias deben presentarse en las oficinas de la Direcci\u00f3n General de Jubilaciones y Pensiones (DGJP) con su c\u00e9dula de identidad y electoral (original y copia), una fotograf\u00eda 2\u00d72.<\/p>\n<p>&nbsp;<\/p>\n<p>Agreg\u00f3 que una vez completada la validaci\u00f3n, la DGJP proceder\u00e1 con la inclusi\u00f3n en la n\u00f3mina general de jubilados y pensionados del Estado, a fin de garantizar el pago mensual correspondiente conforme al r\u00e9gimen legal aplicable. El plazo para la inclusi\u00f3n es de tres meses.<\/p>\n<p>&nbsp;<\/p>\n<p>El director general de la DIDA, El\u00edas B\u00e1ez, destac\u00f3 que esta iniciativa forma parte del compromiso institucional con la protecci\u00f3n social, la transparencia y la defensa de los derechos ciudadanos, garantizando que cada persona beneficiaria pueda ejercer efectivamente su derecho a recibir la pensi\u00f3n que le corresponde.<\/p>\n<p>&nbsp;<\/p>\n<p>*Departamento de Comunicaciones*<\/p>\n<p>&nbsp;<\/p>\n<p>Contacto:<\/p>\n<p>Lic. Pa\u00fal Pimentel Blanco<\/p>\n<p>Director de Comunicaciones de la DIDA<\/p>\n<p>Cel: 809-605-9947<\/p>\n<p>Licda. Rudelania Mej\u00eda<\/p>\n<p>Encargada de Prensa<\/p>\n<p>Cel: 829-944-4776<\/p>\n<p><img loading=\"lazy\" decoding=\"async\" class=\"alignnone size-full wp-image-4018\" src=\"https:\/\/periodicolarepublica.com\/wp-content\/uploads\/2025\/09\/DIDA.png\" alt=\"\" width=\"190\" height=\"189\" srcset=\"https:\/\/periodicolarepublica.com\/wp-content\/uploads\/2025\/09\/DIDA.png 190w, https:\/\/periodicolarepublica.com\/wp-content\/uploads\/2025\/09\/DIDA-150x149.png 150w\" sizes=\"auto, (max-width: 190px) 100vw, 190px\" \/><\/p>\n<p>&nbsp;<\/p>\n","protected":false},"excerpt":{"rendered":"<p>La lista de beneficiarios est\u00e1 disponible en la p\u00e1gina web de la DIDA www.dida.gob.do._ Santo Domingo, R.D. \u2014 La Direcci\u00f3n General de Informaci\u00f3n y Defensa de los Afiliados a la Seguridad Social (DIDA) inform\u00f3 que 26,167 personas con distintos tipos de pensiones aprobadas por el Poder Ejecutivo a\u00fan no disfrutan de las mismas por debido [&hellip;]<\/p>\n","protected":false},"author":6,"featured_media":4018,"comment_status":"open","ping_status":"open","sticky":false,"template":"","format":"standard","meta":{"om_disable_all_campaigns":false,"_monsterinsights_skip_tracking":false,"_monsterinsights_sitenote_active":false,"_monsterinsights_sitenote_note":"","_monsterinsights_sitenote_category":0,"footnotes":""},"categories":[1],"tags":[],"class_list":{"0":"post-4373","1":"post","2":"type-post","3":"status-publish","4":"format-standard","5":"has-post-thumbnail","7":"category-nacionales"},"aioseo_notices":[],"_links":{"self":[{"href":"https:\/\/periodicolarepublica.com\/index.php\/wp-json\/wp\/v2\/posts\/4373","targetHints":{"allow":["GET"]}}],"collection":[{"href":"https:\/\/periodicolarepublica.com\/index.php\/wp-json\/wp\/v2\/posts"}],"about":[{"href":"https:\/\/periodicolarepublica.com\/index.php\/wp-json\/wp\/v2\/types\/post"}],"author":[{"embeddable":true,"href":"https:\/\/periodicolarepublica.com\/index.php\/wp-json\/wp\/v2\/users\/6"}],"replies":[{"embeddable":true,"href":"https:\/\/periodicolarepublica.com\/index.php\/wp-json\/wp\/v2\/comments?post=4373"}],"version-history":[{"count":1,"href":"https:\/\/periodicolarepublica.com\/index.php\/wp-json\/wp\/v2\/posts\/4373\/revisions"}],"predecessor-version":[{"id":4374,"href":"https:\/\/periodicolarepublica.com\/index.php\/wp-json\/wp\/v2\/posts\/4373\/revisions\/4374"}],"wp:featuredmedia":[{"embeddable":true,"href":"https:\/\/periodicolarepublica.com\/index.php\/wp-json\/wp\/v2\/media\/4018"}],"wp:attachment":[{"href":"https:\/\/periodicolarepublica.com\/index.php\/wp-json\/wp\/v2\/media?parent=4373"}],"wp:term":[{"taxonomy":"category","embeddable":true,"href":"https:\/\/periodicolarepublica.com\/index.php\/wp-json\/wp\/v2\/categories?post=4373"},{"taxonomy":"post_tag","embeddable":true,"href":"https:\/\/periodicolarepublica.com\/index.php\/wp-json\/wp\/v2\/tags?post=4373"}],"curies":[{"name":"wp","href":"https:\/\/api.w.org\/{rel}","templated":true}]}}