{"id":4379,"date":"2025-11-19T07:55:05","date_gmt":"2025-11-19T11:55:05","guid":{"rendered":"https:\/\/periodicolarepublica.com\/?p=4379"},"modified":"2025-11-19T07:55:05","modified_gmt":"2025-11-19T11:55:05","slug":"fuerza-de-tarea-presenta-nueva-plataforma-migratoria-para-identificar-perfiles-sospechosos","status":"publish","type":"post","link":"https:\/\/periodicolarepublica.com\/index.php\/2025\/11\/19\/fuerza-de-tarea-presenta-nueva-plataforma-migratoria-para-identificar-perfiles-sospechosos\/","title":{"rendered":"Fuerza de Tarea presenta nueva plataforma migratoria para identificar perfiles sospechosos"},"content":{"rendered":"<p>Santo Domingo. La ministra de Interior y Polic\u00eda, Faride Raful, inform\u00f3 que el pa\u00eds cuenta con un nuevo sistema tecnol\u00f3gico sin precedentes para fortalecer la interoperabilidad migratoria y blindar la seguridad ciudadana. Se trata del servicio Web Service PN-I24DO, una herramienta capaz de identificar en tiempo real a personas con perfiles sospechosos que intenten ingresar o salir del territorio nacional.<\/p>\n<p>La funcionaria explic\u00f3 que este Application Programming Interface (API), desarrollado por t\u00e9cnicos de la Polic\u00eda Nacional, integra la base de datos migratoria con las alertas globales de la Organizaci\u00f3n Internacional de Polic\u00eda Criminal (Interpol). El sistema permite verificar nombre, apellido, nacionalidad, fecha de nacimiento, n\u00famero de pasaporte y cualquier notificaci\u00f3n internacional asociada a cada viajero, aportando un nivel de control y rastreo nunca antes disponible.<\/p>\n<p>Raful anunci\u00f3 esta medida durante la reuni\u00f3n n\u00famero 115 de la Fuerza de Tarea Conjunta de Seguimiento al Plan de Seguridad Ciudadana, encabezada por el presidente de la Rep\u00fablica, Luis Abinader. Se\u00f1al\u00f3 que la nueva herramienta eleva la capacidad de respuesta operativa, al permitir \u201creducir la fuga de objetivos identificados de alto valor, mejorar la captura de pr\u00f3fugos internacionales y fortalecer la integraci\u00f3n a los est\u00e1ndares globales de Interpol, con un impacto directo en la seguridad ciudadana\u201d.<\/p>\n<p>&nbsp;<\/p>\n<p>Agreg\u00f3 que, gracias a este avance, ya han sido identificados y prevenidos casos de personas con perfiles sospechosos, y adelant\u00f3 que el personal encargado de la supervisi\u00f3n, fiscalizaci\u00f3n, an\u00e1lisis y operaci\u00f3n del sistema recibir\u00e1 capacitaci\u00f3n continua para optimizar los procesos.<\/p>\n<p>*Indicadores de seguridad presentados por la Fuerza de Tarea*<\/p>\n<p>En relaci\u00f3n con la tasa acumulada de homicidios, el mapa de calor actualizado refleja que los casos contin\u00faan en descenso, situ\u00e1ndose en 8.15 por cada 100 mil habitantes, una reducci\u00f3n sostenida respecto a 2023 (11.6) y 2024 (9.58). El informe registra 28 territorios por debajo de los dos d\u00edgitos y solo seis por encima.<\/p>\n<p>&nbsp;<\/p>\n<p>Asimismo, se observa una disminuci\u00f3n gradual en la cantidad total de v\u00edctimas:<\/p>\n<p>\u2022 1,257 en 2023<\/p>\n<p>\u2022 1,138 en 2024<\/p>\n<p>\u2022 1,070 en 2025<\/p>\n<p>&nbsp;<\/p>\n<p>El sistema de denuncias de la Polic\u00eda Nacional tambi\u00e9n reporta un descenso significativo en los robos, resultado de las acciones conjuntas de la Fuerza de Tarea Conjunta:<\/p>\n<p>\u2022 89,238 en 2023<\/p>\n<p>\u2022 73,820 en 2024<\/p>\n<p>\u2022 64,931 en 2025<\/p>\n<p>&nbsp;<\/p>\n<figure id=\"attachment_4380\" aria-describedby=\"caption-attachment-4380\" style=\"width: 300px\" class=\"wp-caption alignnone\"><img loading=\"lazy\" decoding=\"async\" class=\"size-medium wp-image-4380\" src=\"https:\/\/periodicolarepublica.com\/wp-content\/uploads\/2025\/11\/images-32-300x300.jpeg\" alt=\"Interior\" width=\"300\" height=\"300\" srcset=\"https:\/\/periodicolarepublica.com\/wp-content\/uploads\/2025\/11\/images-32-300x300.jpeg 300w, https:\/\/periodicolarepublica.com\/wp-content\/uploads\/2025\/11\/images-32-150x150.jpeg 150w, https:\/\/periodicolarepublica.com\/wp-content\/uploads\/2025\/11\/images-32.jpeg 447w\" sizes=\"auto, (max-width: 300px) 100vw, 300px\" \/><figcaption id=\"caption-attachment-4380\" class=\"wp-caption-text\">Interior<\/figcaption><\/figure>\n","protected":false},"excerpt":{"rendered":"<p>Santo Domingo. La ministra de Interior y Polic\u00eda, Faride Raful, inform\u00f3 que el pa\u00eds cuenta con un nuevo sistema tecnol\u00f3gico sin precedentes para fortalecer la interoperabilidad migratoria y blindar la seguridad ciudadana. Se trata del servicio Web Service PN-I24DO, una herramienta capaz de identificar en tiempo real a personas con perfiles sospechosos que intenten ingresar [&hellip;]<\/p>\n","protected":false},"author":6,"featured_media":4380,"comment_status":"open","ping_status":"open","sticky":false,"template":"","format":"standard","meta":{"om_disable_all_campaigns":false,"_monsterinsights_skip_tracking":false,"_monsterinsights_sitenote_active":false,"_monsterinsights_sitenote_note":"","_monsterinsights_sitenote_category":0,"footnotes":""},"categories":[1],"tags":[],"class_list":{"0":"post-4379","1":"post","2":"type-post","3":"status-publish","4":"format-standard","5":"has-post-thumbnail","7":"category-nacionales"},"aioseo_notices":[],"_links":{"self":[{"href":"https:\/\/periodicolarepublica.com\/index.php\/wp-json\/wp\/v2\/posts\/4379","targetHints":{"allow":["GET"]}}],"collection":[{"href":"https:\/\/periodicolarepublica.com\/index.php\/wp-json\/wp\/v2\/posts"}],"about":[{"href":"https:\/\/periodicolarepublica.com\/index.php\/wp-json\/wp\/v2\/types\/post"}],"author":[{"embeddable":true,"href":"https:\/\/periodicolarepublica.com\/index.php\/wp-json\/wp\/v2\/users\/6"}],"replies":[{"embeddable":true,"href":"https:\/\/periodicolarepublica.com\/index.php\/wp-json\/wp\/v2\/comments?post=4379"}],"version-history":[{"count":1,"href":"https:\/\/periodicolarepublica.com\/index.php\/wp-json\/wp\/v2\/posts\/4379\/revisions"}],"predecessor-version":[{"id":4381,"href":"https:\/\/periodicolarepublica.com\/index.php\/wp-json\/wp\/v2\/posts\/4379\/revisions\/4381"}],"wp:featuredmedia":[{"embeddable":true,"href":"https:\/\/periodicolarepublica.com\/index.php\/wp-json\/wp\/v2\/media\/4380"}],"wp:attachment":[{"href":"https:\/\/periodicolarepublica.com\/index.php\/wp-json\/wp\/v2\/media?parent=4379"}],"wp:term":[{"taxonomy":"category","embeddable":true,"href":"https:\/\/periodicolarepublica.com\/index.php\/wp-json\/wp\/v2\/categories?post=4379"},{"taxonomy":"post_tag","embeddable":true,"href":"https:\/\/periodicolarepublica.com\/index.php\/wp-json\/wp\/v2\/tags?post=4379"}],"curies":[{"name":"wp","href":"https:\/\/api.w.org\/{rel}","templated":true}]}}