{"id":4382,"date":"2025-11-19T08:02:19","date_gmt":"2025-11-19T12:02:19","guid":{"rendered":"https:\/\/periodicolarepublica.com\/?p=4382"},"modified":"2025-11-19T08:02:19","modified_gmt":"2025-11-19T12:02:19","slug":"senado-de-la-republica-y-la-lidom-suscriben-convenio-para-promover-el-deporte","status":"publish","type":"post","link":"https:\/\/periodicolarepublica.com\/index.php\/2025\/11\/19\/senado-de-la-republica-y-la-lidom-suscriben-convenio-para-promover-el-deporte\/","title":{"rendered":"Senado de la Rep\u00fablica y la LIDOM suscriben convenio para promover el deporte"},"content":{"rendered":"<p style=\"padding-left: 40px; text-align: left;\">Senado de la Rep\u00fablica y la LIDOM suscriben convenio para promover el deporte<\/p>\n<p>El Senado de la Rep\u00fablica y la Liga Dominicana de B\u00e9isbol Profesional (LIDOM), suscribieron este lunes un acuerdo marco de colaboraci\u00f3n interinstitucional para fomentar el deporte, la educaci\u00f3n ciudadana, la identidad nacional y el desarrollo social y econ\u00f3mico asociados al b\u00e9isbol.<\/p>\n<p>\u201cDesde el Senado nos comprometemos a que toda iniciativa que fortalezca el beisbol, la estaremos apoyando\u201d manifest\u00f3 el presidente del Senado, Ricardo de los Santos, tras resaltar que cuando se impulsa el apoyo al deporte se env\u00eda el mensaje a los j\u00f3venes de que se aparten de la delincuencia y los vicios.<\/p>\n<p>Tambi\u00e9n resalt\u00f3 la garant\u00eda jur\u00eddica que tienen las academias de beisbol en el pa\u00eds para operar.<\/p>\n<p>Ricardo de los Santos tambi\u00e9n destac\u00f3 c\u00f3mo han puesto en alto el nombre del pa\u00eds en el extranjero los peloteros dominicanos con sus haza\u00f1as deportivas. \u201cPodemos exhibir que tenemos cantidad y calidad de peloteros\u201d.<\/p>\n<figure id=\"attachment_4383\" aria-describedby=\"caption-attachment-4383\" style=\"width: 300px\" class=\"wp-caption alignnone\"><img loading=\"lazy\" decoding=\"async\" class=\"wp-image-4383 size-medium\" src=\"https:\/\/periodicolarepublica.com\/wp-content\/uploads\/2025\/11\/images-33-300x135.jpeg\" alt=\"Senado\" width=\"300\" height=\"135\" srcset=\"https:\/\/periodicolarepublica.com\/wp-content\/uploads\/2025\/11\/images-33-300x135.jpeg 300w, https:\/\/periodicolarepublica.com\/wp-content\/uploads\/2025\/11\/images-33-150x68.jpeg 150w, https:\/\/periodicolarepublica.com\/wp-content\/uploads\/2025\/11\/images-33-600x270.jpeg 600w, https:\/\/periodicolarepublica.com\/wp-content\/uploads\/2025\/11\/images-33.jpeg 666w\" sizes=\"auto, (max-width: 300px) 100vw, 300px\" \/><figcaption id=\"caption-attachment-4383\" class=\"wp-caption-text\">Senado<\/figcaption><\/figure>\n<p style=\"text-align: left;\">\n<p>&nbsp;<\/p>\n","protected":false},"excerpt":{"rendered":"<p>Senado de la Rep\u00fablica y la LIDOM suscriben convenio para promover el deporte El Senado de la Rep\u00fablica y la Liga Dominicana de B\u00e9isbol Profesional (LIDOM), suscribieron este lunes un acuerdo marco de colaboraci\u00f3n interinstitucional para fomentar el deporte, la educaci\u00f3n ciudadana, la identidad nacional y el desarrollo social y econ\u00f3mico asociados al b\u00e9isbol. \u201cDesde [&hellip;]<\/p>\n","protected":false},"author":6,"featured_media":4383,"comment_status":"open","ping_status":"open","sticky":false,"template":"","format":"standard","meta":{"om_disable_all_campaigns":false,"_monsterinsights_skip_tracking":false,"_monsterinsights_sitenote_active":false,"_monsterinsights_sitenote_note":"","_monsterinsights_sitenote_category":0,"footnotes":""},"categories":[1],"tags":[340],"class_list":{"0":"post-4382","1":"post","2":"type-post","3":"status-publish","4":"format-standard","5":"has-post-thumbnail","7":"category-nacionales","8":"tag-senado"},"aioseo_notices":[],"_links":{"self":[{"href":"https:\/\/periodicolarepublica.com\/index.php\/wp-json\/wp\/v2\/posts\/4382","targetHints":{"allow":["GET"]}}],"collection":[{"href":"https:\/\/periodicolarepublica.com\/index.php\/wp-json\/wp\/v2\/posts"}],"about":[{"href":"https:\/\/periodicolarepublica.com\/index.php\/wp-json\/wp\/v2\/types\/post"}],"author":[{"embeddable":true,"href":"https:\/\/periodicolarepublica.com\/index.php\/wp-json\/wp\/v2\/users\/6"}],"replies":[{"embeddable":true,"href":"https:\/\/periodicolarepublica.com\/index.php\/wp-json\/wp\/v2\/comments?post=4382"}],"version-history":[{"count":1,"href":"https:\/\/periodicolarepublica.com\/index.php\/wp-json\/wp\/v2\/posts\/4382\/revisions"}],"predecessor-version":[{"id":4384,"href":"https:\/\/periodicolarepublica.com\/index.php\/wp-json\/wp\/v2\/posts\/4382\/revisions\/4384"}],"wp:featuredmedia":[{"embeddable":true,"href":"https:\/\/periodicolarepublica.com\/index.php\/wp-json\/wp\/v2\/media\/4383"}],"wp:attachment":[{"href":"https:\/\/periodicolarepublica.com\/index.php\/wp-json\/wp\/v2\/media?parent=4382"}],"wp:term":[{"taxonomy":"category","embeddable":true,"href":"https:\/\/periodicolarepublica.com\/index.php\/wp-json\/wp\/v2\/categories?post=4382"},{"taxonomy":"post_tag","embeddable":true,"href":"https:\/\/periodicolarepublica.com\/index.php\/wp-json\/wp\/v2\/tags?post=4382"}],"curies":[{"name":"wp","href":"https:\/\/api.w.org\/{rel}","templated":true}]}}